{"id":2012,"date":"2023-04-23T08:58:00","date_gmt":"2023-04-23T08:58:00","guid":{"rendered":"https:\/\/dipmission-osce.com\/obsye-zaklykaye-2\/"},"modified":"2025-09-29T13:10:21","modified_gmt":"2025-09-29T13:10:21","slug":"obsye-zaklykaye-2","status":"publish","type":"post","link":"https:\/\/dipmission-osce.com\/pl\/obsye-zaklykaye-2\/","title":{"rendered":"Misja humanitarna OBWE zaprezentowa\u0142a w\u0142osko-ukrai\u0144ski projekt logistyczny na konferencji dotycz\u0105cej odbudowy Ukrainy."},"content":{"rendered":"\n<p>Przedstawiciel organizacji pozarz\u0105dowej \u201eMi\u0119dzynarodowa Dyplomatyczna Misja Humanitarna\u201d OBWE \u2013 Ihor Boczan, wczoraj zaprezentowa\u0142 jeden z pierwszych wsp\u00f3lnych projekt\u00f3w w\u0142osko-ukrai\u0144skich na konferencji dotycz\u0105cej odbudowy Ukrainy.<\/p>\n\n\n\n<p>Projekt ten pomo\u017ce stworzy\u0107 platform\u0119 logistyczn\u0105, kt\u00f3ra po\u0142\u0105czy Ukrain\u0119 drog\u0105 l\u0105dow\u0105 z intermodalnym portem Quadrante Europa w Weronie.<\/p>\n\n\n\n<p>Interport Quadrante Europa w Weronie jest najwi\u0119kszym operatorem i w\u0119z\u0142em transportowym we W\u0142oszech \u2013 to zintegrowany system firm logistycznych.<\/p>\n\n\n\n<p>Wierzymy, \u017ce b\u0119dzie to dobry pocz\u0105tek i przyk\u0142ad dla innych inicjatyw.<\/p>\n\n\n\n<p>Szczeg\u00f3lne podzi\u0119kowania dla Ministerstwa Spraw Zagranicznych Ukrainy od Przewodnicz\u0105cego misji dyplomatycznej \u2013 Petra Szpuganycza, za organizacj\u0119 i wsparcie tego spotkania biznesowego!<\/p>\n","protected":false},"excerpt":{"rendered":"<p>Przedstawiciel organizacji pozarz\u0105dowej \u201eMi\u0119dzynarodowa Dyplomatyczna Misja Humanitarna\u201d OBWE \u2013 Ihor Boczan, wczoraj zaprezentowa\u0142 jeden z pierwszych wsp\u00f3lnych projekt\u00f3w w\u0142osko-ukrai\u0144skich na konferencji dotycz\u0105cej odbudowy Ukrainy. Projekt ten pomo\u017ce stworzy\u0107 platform\u0119 logistyczn\u0105, kt\u00f3ra po\u0142\u0105czy Ukrain\u0119 drog\u0105 l\u0105dow\u0105 z intermodalnym portem Quadrante Europa w Weronie. Interport Quadrante Europa w Weronie jest najwi\u0119kszym operatorem i w\u0119z\u0142em transportowym we W\u0142oszech [&hellip;]<\/p>\n","protected":false},"author":1,"featured_media":2014,"comment_status":"open","ping_status":"open","sticky":false,"template":"","format":"standard","meta":{"inline_featured_image":false,"footnotes":""},"categories":[12],"tags":[],"class_list":["post-2012","post","type-post","status-publish","format-standard","has-post-thumbnail","hentry","category-bez-kategorii"],"acf":[],"yoast_head":"<!-- This site is optimized with the Yoast SEO plugin v25.6 - https:\/\/yoast.com\/wordpress\/plugins\/seo\/ -->\n<title>Misja humanitarna OBWE zaprezentowa\u0142a w\u0142osko-ukrai\u0144ski projekt logistyczny na konferencji dotycz\u0105cej odbudowy Ukrainy. | OSCE IDHM<\/title>\n<meta name=\"robots\" content=\"index, follow, max-snippet:-1, max-image-preview:large, max-video-preview:-1\" \/>\n<link rel=\"canonical\" href=\"https:\/\/dipmission-osce.com\/pl\/obsye-zaklykaye-2\/\" \/>\n<meta property=\"og:locale\" content=\"pl_PL\" \/>\n<meta property=\"og:type\" content=\"article\" \/>\n<meta property=\"og:title\" content=\"Misja humanitarna OBWE zaprezentowa\u0142a w\u0142osko-ukrai\u0144ski projekt logistyczny na konferencji dotycz\u0105cej odbudowy Ukrainy. | OSCE IDHM\" \/>\n<meta property=\"og:description\" content=\"Przedstawiciel organizacji pozarz\u0105dowej \u201eMi\u0119dzynarodowa Dyplomatyczna Misja Humanitarna\u201d OBWE \u2013 Ihor Boczan, wczoraj zaprezentowa\u0142 jeden z pierwszych wsp\u00f3lnych projekt\u00f3w w\u0142osko-ukrai\u0144skich na konferencji dotycz\u0105cej odbudowy Ukrainy. Projekt ten pomo\u017ce stworzy\u0107 platform\u0119 logistyczn\u0105, kt\u00f3ra po\u0142\u0105czy Ukrain\u0119 drog\u0105 l\u0105dow\u0105 z intermodalnym portem Quadrante Europa w Weronie. Interport Quadrante Europa w Weronie jest najwi\u0119kszym operatorem i w\u0119z\u0142em transportowym we W\u0142oszech [&hellip;]\" \/>\n<meta property=\"og:url\" content=\"https:\/\/dipmission-osce.com\/pl\/obsye-zaklykaye-2\/\" \/>\n<meta property=\"og:site_name\" content=\"OSCE IDHM\" \/>\n<meta property=\"article:publisher\" content=\"https:\/\/www.facebook.com\/groups\/1056799551716288\" \/>\n<meta property=\"article:published_time\" content=\"2023-04-23T08:58:00+00:00\" \/>\n<meta property=\"article:modified_time\" content=\"2025-09-29T13:10:21+00:00\" \/>\n<meta property=\"og:image\" content=\"https:\/\/dipmission-osce.com\/wp-content\/uploads\/2025\/03\/343800373_630308005196706_5777792000677938246_n.jpg\" \/>\n\t<meta property=\"og:image:width\" content=\"720\" \/>\n\t<meta property=\"og:image:height\" content=\"535\" \/>\n\t<meta property=\"og:image:type\" content=\"image\/jpeg\" \/>\n<meta name=\"author\" content=\"admin\" \/>\n<meta name=\"twitter:card\" content=\"summary_large_image\" \/>\n<meta name=\"twitter:label1\" content=\"Napisane przez\" \/>\n\t<meta name=\"twitter:data1\" content=\"admin\" \/>\n\t<meta name=\"twitter:label2\" content=\"Szacowany czas czytania\" \/>\n\t<meta name=\"twitter:data2\" content=\"1 minuta\" \/>\n<script type=\"application\/ld+json\" class=\"yoast-schema-graph\">{\"@context\":\"https:\/\/schema.org\",\"@graph\":[{\"@type\":\"Article\",\"@id\":\"https:\/\/dipmission-osce.com\/pl\/obsye-zaklykaye-2\/#article\",\"isPartOf\":{\"@id\":\"https:\/\/dipmission-osce.com\/pl\/obsye-zaklykaye-2\/\"},\"author\":{\"name\":\"admin\",\"@id\":\"https:\/\/dipmission-osce.com\/pl\/#\/schema\/person\/64ee51e1e4edcd45bfb312fb9c9de2ca\"},\"headline\":\"Misja humanitarna OBWE zaprezentowa\u0142a w\u0142osko-ukrai\u0144ski projekt logistyczny na konferencji dotycz\u0105cej odbudowy Ukrainy.\",\"datePublished\":\"2023-04-23T08:58:00+00:00\",\"dateModified\":\"2025-09-29T13:10:21+00:00\",\"mainEntityOfPage\":{\"@id\":\"https:\/\/dipmission-osce.com\/pl\/obsye-zaklykaye-2\/\"},\"wordCount\":127,\"commentCount\":0,\"publisher\":{\"@id\":\"https:\/\/dipmission-osce.com\/pl\/#organization\"},\"image\":{\"@id\":\"https:\/\/dipmission-osce.com\/pl\/obsye-zaklykaye-2\/#primaryimage\"},\"thumbnailUrl\":\"https:\/\/dipmission-osce.com\/wp-content\/uploads\/2025\/03\/343800373_630308005196706_5777792000677938246_n.jpg\",\"articleSection\":[\"Wa\u017cny\"],\"inLanguage\":\"pl-PL\",\"potentialAction\":[{\"@type\":\"CommentAction\",\"name\":\"Comment\",\"target\":[\"https:\/\/dipmission-osce.com\/pl\/obsye-zaklykaye-2\/#respond\"]}]},{\"@type\":\"WebPage\",\"@id\":\"https:\/\/dipmission-osce.com\/pl\/obsye-zaklykaye-2\/\",\"url\":\"https:\/\/dipmission-osce.com\/pl\/obsye-zaklykaye-2\/\",\"name\":\"Misja humanitarna OBWE zaprezentowa\u0142a w\u0142osko-ukrai\u0144ski projekt logistyczny na konferencji dotycz\u0105cej odbudowy Ukrainy. | OSCE IDHM\",\"isPartOf\":{\"@id\":\"https:\/\/dipmission-osce.com\/pl\/#website\"},\"primaryImageOfPage\":{\"@id\":\"https:\/\/dipmission-osce.com\/pl\/obsye-zaklykaye-2\/#primaryimage\"},\"image\":{\"@id\":\"https:\/\/dipmission-osce.com\/pl\/obsye-zaklykaye-2\/#primaryimage\"},\"thumbnailUrl\":\"https:\/\/dipmission-osce.com\/wp-content\/uploads\/2025\/03\/343800373_630308005196706_5777792000677938246_n.jpg\",\"datePublished\":\"2023-04-23T08:58:00+00:00\",\"dateModified\":\"2025-09-29T13:10:21+00:00\",\"breadcrumb\":{\"@id\":\"https:\/\/dipmission-osce.com\/pl\/obsye-zaklykaye-2\/#breadcrumb\"},\"inLanguage\":\"pl-PL\",\"potentialAction\":[{\"@type\":\"ReadAction\",\"target\":[\"https:\/\/dipmission-osce.com\/pl\/obsye-zaklykaye-2\/\"]}]},{\"@type\":\"ImageObject\",\"inLanguage\":\"pl-PL\",\"@id\":\"https:\/\/dipmission-osce.com\/pl\/obsye-zaklykaye-2\/#primaryimage\",\"url\":\"https:\/\/dipmission-osce.com\/wp-content\/uploads\/2025\/03\/343800373_630308005196706_5777792000677938246_n.jpg\",\"contentUrl\":\"https:\/\/dipmission-osce.com\/wp-content\/uploads\/2025\/03\/343800373_630308005196706_5777792000677938246_n.jpg\",\"width\":720,\"height\":535},{\"@type\":\"BreadcrumbList\",\"@id\":\"https:\/\/dipmission-osce.com\/pl\/obsye-zaklykaye-2\/#breadcrumb\",\"itemListElement\":[{\"@type\":\"ListItem\",\"position\":1,\"name\":\"\u0413\u043e\u043b\u043e\u0432\u043d\u0430\",\"item\":\"https:\/\/dipmission-osce.com\/pl\/\"},{\"@type\":\"ListItem\",\"position\":2,\"name\":\"Misja humanitarna OBWE zaprezentowa\u0142a w\u0142osko-ukrai\u0144ski projekt logistyczny na konferencji dotycz\u0105cej odbudowy Ukrainy.\"}]},{\"@type\":\"WebSite\",\"@id\":\"https:\/\/dipmission-osce.com\/pl\/#website\",\"url\":\"https:\/\/dipmission-osce.com\/pl\/\",\"name\":\"OSCE IDHM\",\"description\":\"Dipmission OSCE\",\"publisher\":{\"@id\":\"https:\/\/dipmission-osce.com\/pl\/#organization\"},\"alternateName\":\"OSCE IDHM\",\"potentialAction\":[{\"@type\":\"SearchAction\",\"target\":{\"@type\":\"EntryPoint\",\"urlTemplate\":\"https:\/\/dipmission-osce.com\/pl\/?s={search_term_string}\"},\"query-input\":{\"@type\":\"PropertyValueSpecification\",\"valueRequired\":true,\"valueName\":\"search_term_string\"}}],\"inLanguage\":\"pl-PL\"},{\"@type\":\"Organization\",\"@id\":\"https:\/\/dipmission-osce.com\/pl\/#organization\",\"name\":\"Dipmission OSCE\",\"url\":\"https:\/\/dipmission-osce.com\/pl\/\",\"logo\":{\"@type\":\"ImageObject\",\"inLanguage\":\"pl-PL\",\"@id\":\"https:\/\/dipmission-osce.com\/pl\/#\/schema\/logo\/image\/\",\"url\":\"https:\/\/dipmission-osce.com\/wp-content\/uploads\/2025\/07\/featured-image-dipmission-osce.png\",\"contentUrl\":\"https:\/\/dipmission-osce.com\/wp-content\/uploads\/2025\/07\/featured-image-dipmission-osce.png\",\"width\":1200,\"height\":675,\"caption\":\"Dipmission OSCE\"},\"image\":{\"@id\":\"https:\/\/dipmission-osce.com\/pl\/#\/schema\/logo\/image\/\"},\"sameAs\":[\"https:\/\/www.facebook.com\/groups\/1056799551716288\"]},{\"@type\":\"Person\",\"@id\":\"https:\/\/dipmission-osce.com\/pl\/#\/schema\/person\/64ee51e1e4edcd45bfb312fb9c9de2ca\",\"name\":\"admin\",\"image\":{\"@type\":\"ImageObject\",\"inLanguage\":\"pl-PL\",\"@id\":\"https:\/\/dipmission-osce.com\/pl\/#\/schema\/person\/image\/\",\"url\":\"https:\/\/secure.gravatar.com\/avatar\/473f9681549688bcd731b8a9535f18e76c06ab27390be84d91d8917d988d5296?s=96&d=mm&r=g\",\"contentUrl\":\"https:\/\/secure.gravatar.com\/avatar\/473f9681549688bcd731b8a9535f18e76c06ab27390be84d91d8917d988d5296?s=96&d=mm&r=g\",\"caption\":\"admin\"},\"sameAs\":[\"https:\/\/dipmission-osce.com\"]}]}<\/script>\n<!-- \/ Yoast SEO plugin. -->","yoast_head_json":{"title":"Misja humanitarna OBWE zaprezentowa\u0142a w\u0142osko-ukrai\u0144ski projekt logistyczny na konferencji dotycz\u0105cej odbudowy Ukrainy. | OSCE IDHM","robots":{"index":"index","follow":"follow","max-snippet":"max-snippet:-1","max-image-preview":"max-image-preview:large","max-video-preview":"max-video-preview:-1"},"canonical":"https:\/\/dipmission-osce.com\/pl\/obsye-zaklykaye-2\/","og_locale":"pl_PL","og_type":"article","og_title":"Misja humanitarna OBWE zaprezentowa\u0142a w\u0142osko-ukrai\u0144ski projekt logistyczny na konferencji dotycz\u0105cej odbudowy Ukrainy. | OSCE IDHM","og_description":"Przedstawiciel organizacji pozarz\u0105dowej \u201eMi\u0119dzynarodowa Dyplomatyczna Misja Humanitarna\u201d OBWE \u2013 Ihor Boczan, wczoraj zaprezentowa\u0142 jeden z pierwszych wsp\u00f3lnych projekt\u00f3w w\u0142osko-ukrai\u0144skich na konferencji dotycz\u0105cej odbudowy Ukrainy. Projekt ten pomo\u017ce stworzy\u0107 platform\u0119 logistyczn\u0105, kt\u00f3ra po\u0142\u0105czy Ukrain\u0119 drog\u0105 l\u0105dow\u0105 z intermodalnym portem Quadrante Europa w Weronie. Interport Quadrante Europa w Weronie jest najwi\u0119kszym operatorem i w\u0119z\u0142em transportowym we W\u0142oszech [&hellip;]","og_url":"https:\/\/dipmission-osce.com\/pl\/obsye-zaklykaye-2\/","og_site_name":"OSCE IDHM","article_publisher":"https:\/\/www.facebook.com\/groups\/1056799551716288","article_published_time":"2023-04-23T08:58:00+00:00","article_modified_time":"2025-09-29T13:10:21+00:00","og_image":[{"width":720,"height":535,"url":"https:\/\/dipmission-osce.com\/wp-content\/uploads\/2025\/03\/343800373_630308005196706_5777792000677938246_n.jpg","type":"image\/jpeg"}],"author":"admin","twitter_card":"summary_large_image","twitter_misc":{"Napisane przez":"admin","Szacowany czas czytania":"1 minuta"},"schema":{"@context":"https:\/\/schema.org","@graph":[{"@type":"Article","@id":"https:\/\/dipmission-osce.com\/pl\/obsye-zaklykaye-2\/#article","isPartOf":{"@id":"https:\/\/dipmission-osce.com\/pl\/obsye-zaklykaye-2\/"},"author":{"name":"admin","@id":"https:\/\/dipmission-osce.com\/pl\/#\/schema\/person\/64ee51e1e4edcd45bfb312fb9c9de2ca"},"headline":"Misja humanitarna OBWE zaprezentowa\u0142a w\u0142osko-ukrai\u0144ski projekt logistyczny na konferencji dotycz\u0105cej odbudowy Ukrainy.","datePublished":"2023-04-23T08:58:00+00:00","dateModified":"2025-09-29T13:10:21+00:00","mainEntityOfPage":{"@id":"https:\/\/dipmission-osce.com\/pl\/obsye-zaklykaye-2\/"},"wordCount":127,"commentCount":0,"publisher":{"@id":"https:\/\/dipmission-osce.com\/pl\/#organization"},"image":{"@id":"https:\/\/dipmission-osce.com\/pl\/obsye-zaklykaye-2\/#primaryimage"},"thumbnailUrl":"https:\/\/dipmission-osce.com\/wp-content\/uploads\/2025\/03\/343800373_630308005196706_5777792000677938246_n.jpg","articleSection":["Wa\u017cny"],"inLanguage":"pl-PL","potentialAction":[{"@type":"CommentAction","name":"Comment","target":["https:\/\/dipmission-osce.com\/pl\/obsye-zaklykaye-2\/#respond"]}]},{"@type":"WebPage","@id":"https:\/\/dipmission-osce.com\/pl\/obsye-zaklykaye-2\/","url":"https:\/\/dipmission-osce.com\/pl\/obsye-zaklykaye-2\/","name":"Misja humanitarna OBWE zaprezentowa\u0142a w\u0142osko-ukrai\u0144ski projekt logistyczny na konferencji dotycz\u0105cej odbudowy Ukrainy. | OSCE IDHM","isPartOf":{"@id":"https:\/\/dipmission-osce.com\/pl\/#website"},"primaryImageOfPage":{"@id":"https:\/\/dipmission-osce.com\/pl\/obsye-zaklykaye-2\/#primaryimage"},"image":{"@id":"https:\/\/dipmission-osce.com\/pl\/obsye-zaklykaye-2\/#primaryimage"},"thumbnailUrl":"https:\/\/dipmission-osce.com\/wp-content\/uploads\/2025\/03\/343800373_630308005196706_5777792000677938246_n.jpg","datePublished":"2023-04-23T08:58:00+00:00","dateModified":"2025-09-29T13:10:21+00:00","breadcrumb":{"@id":"https:\/\/dipmission-osce.com\/pl\/obsye-zaklykaye-2\/#breadcrumb"},"inLanguage":"pl-PL","potentialAction":[{"@type":"ReadAction","target":["https:\/\/dipmission-osce.com\/pl\/obsye-zaklykaye-2\/"]}]},{"@type":"ImageObject","inLanguage":"pl-PL","@id":"https:\/\/dipmission-osce.com\/pl\/obsye-zaklykaye-2\/#primaryimage","url":"https:\/\/dipmission-osce.com\/wp-content\/uploads\/2025\/03\/343800373_630308005196706_5777792000677938246_n.jpg","contentUrl":"https:\/\/dipmission-osce.com\/wp-content\/uploads\/2025\/03\/343800373_630308005196706_5777792000677938246_n.jpg","width":720,"height":535},{"@type":"BreadcrumbList","@id":"https:\/\/dipmission-osce.com\/pl\/obsye-zaklykaye-2\/#breadcrumb","itemListElement":[{"@type":"ListItem","position":1,"name":"\u0413\u043e\u043b\u043e\u0432\u043d\u0430","item":"https:\/\/dipmission-osce.com\/pl\/"},{"@type":"ListItem","position":2,"name":"Misja humanitarna OBWE zaprezentowa\u0142a w\u0142osko-ukrai\u0144ski projekt logistyczny na konferencji dotycz\u0105cej odbudowy Ukrainy."}]},{"@type":"WebSite","@id":"https:\/\/dipmission-osce.com\/pl\/#website","url":"https:\/\/dipmission-osce.com\/pl\/","name":"OSCE IDHM","description":"Dipmission OSCE","publisher":{"@id":"https:\/\/dipmission-osce.com\/pl\/#organization"},"alternateName":"OSCE IDHM","potentialAction":[{"@type":"SearchAction","target":{"@type":"EntryPoint","urlTemplate":"https:\/\/dipmission-osce.com\/pl\/?s={search_term_string}"},"query-input":{"@type":"PropertyValueSpecification","valueRequired":true,"valueName":"search_term_string"}}],"inLanguage":"pl-PL"},{"@type":"Organization","@id":"https:\/\/dipmission-osce.com\/pl\/#organization","name":"Dipmission OSCE","url":"https:\/\/dipmission-osce.com\/pl\/","logo":{"@type":"ImageObject","inLanguage":"pl-PL","@id":"https:\/\/dipmission-osce.com\/pl\/#\/schema\/logo\/image\/","url":"https:\/\/dipmission-osce.com\/wp-content\/uploads\/2025\/07\/featured-image-dipmission-osce.png","contentUrl":"https:\/\/dipmission-osce.com\/wp-content\/uploads\/2025\/07\/featured-image-dipmission-osce.png","width":1200,"height":675,"caption":"Dipmission OSCE"},"image":{"@id":"https:\/\/dipmission-osce.com\/pl\/#\/schema\/logo\/image\/"},"sameAs":["https:\/\/www.facebook.com\/groups\/1056799551716288"]},{"@type":"Person","@id":"https:\/\/dipmission-osce.com\/pl\/#\/schema\/person\/64ee51e1e4edcd45bfb312fb9c9de2ca","name":"admin","image":{"@type":"ImageObject","inLanguage":"pl-PL","@id":"https:\/\/dipmission-osce.com\/pl\/#\/schema\/person\/image\/","url":"https:\/\/secure.gravatar.com\/avatar\/473f9681549688bcd731b8a9535f18e76c06ab27390be84d91d8917d988d5296?s=96&d=mm&r=g","contentUrl":"https:\/\/secure.gravatar.com\/avatar\/473f9681549688bcd731b8a9535f18e76c06ab27390be84d91d8917d988d5296?s=96&d=mm&r=g","caption":"admin"},"sameAs":["https:\/\/dipmission-osce.com"]}]}},"_links":{"self":[{"href":"https:\/\/dipmission-osce.com\/pl\/wp-json\/wp\/v2\/posts\/2012","targetHints":{"allow":["GET"]}}],"collection":[{"href":"https:\/\/dipmission-osce.com\/pl\/wp-json\/wp\/v2\/posts"}],"about":[{"href":"https:\/\/dipmission-osce.com\/pl\/wp-json\/wp\/v2\/types\/post"}],"author":[{"embeddable":true,"href":"https:\/\/dipmission-osce.com\/pl\/wp-json\/wp\/v2\/users\/1"}],"replies":[{"embeddable":true,"href":"https:\/\/dipmission-osce.com\/pl\/wp-json\/wp\/v2\/comments?post=2012"}],"version-history":[{"count":1,"href":"https:\/\/dipmission-osce.com\/pl\/wp-json\/wp\/v2\/posts\/2012\/revisions"}],"predecessor-version":[{"id":2394,"href":"https:\/\/dipmission-osce.com\/pl\/wp-json\/wp\/v2\/posts\/2012\/revisions\/2394"}],"wp:featuredmedia":[{"embeddable":true,"href":"https:\/\/dipmission-osce.com\/pl\/wp-json\/wp\/v2\/media\/2014"}],"wp:attachment":[{"href":"https:\/\/dipmission-osce.com\/pl\/wp-json\/wp\/v2\/media?parent=2012"}],"wp:term":[{"taxonomy":"category","embeddable":true,"href":"https:\/\/dipmission-osce.com\/pl\/wp-json\/wp\/v2\/categories?post=2012"},{"taxonomy":"post_tag","embeddable":true,"href":"https:\/\/dipmission-osce.com\/pl\/wp-json\/wp\/v2\/tags?post=2012"}],"curies":[{"name":"wp","href":"https:\/\/api.w.org\/{rel}","templated":true}]}}