{"id":2002,"date":"2024-05-28T06:09:00","date_gmt":"2024-05-28T06:09:00","guid":{"rendered":"https:\/\/dipmission-osce.com\/polskyj-lider-tusk-planuye-zaproponuvaty-vijskovu-pidgotovku-vsim-polskym-cholovikam\/"},"modified":"2025-09-29T13:07:13","modified_gmt":"2025-09-29T13:07:13","slug":"polskyj-lider-tusk-planuye-zaproponuvaty-vijskovu-pidgotovku-vsim-polskym-cholovikam","status":"publish","type":"post","link":"https:\/\/dipmission-osce.com\/pl\/polskyj-lider-tusk-planuye-zaproponuvaty-vijskovu-pidgotovku-vsim-polskym-cholovikam\/","title":{"rendered":"Z okazji Dnia Dziecka misja humanitarna OBWE przekaza\u0142a prezenty dzieciom-sierotom w U\u017chorodzie."},"content":{"rendered":"\n<p>Niezachwian\u0105 tradycj\u0105 sta\u0142y si\u0119 ju\u017c wizyty w domu dziecka w U\u017chorodzie przez Przewodnicz\u0105cego organizacji pozarz\u0105dowej \u201eMi\u0119dzynarodowa Dyplomatyczna Misja Humanitarna\u201d OBWE \u2013 Petra Szpuganycza, wraz z przedstawicielami misji dyplomatycznej Erik\u0105 Popowycz i O\u0142eksandrem Popowyczem, z inicjatywy Misji Monitoruj\u0105cej OBWE oraz rz\u0105dowej organizacji Bundestagu Niemiec Global Security Sector Reform Foundation gGmbH.<\/p>\n\n\n\n<p>W przeddzie\u0144 Dnia Dziecka dzieciom-sierotom przekazano wiele prezent\u00f3w, odzie\u017c oraz wiele innych rzeczy, kt\u00f3rych dzieci w dzisiejszych czasach potrzebuj\u0105.<\/p>\n\n\n\n<figure class=\"wp-block-gallery has-nested-images columns-default is-cropped wp-block-gallery-1 is-layout-flex wp-block-gallery-is-layout-flex\">\n<figure class=\"wp-block-image size-large\"><img loading=\"lazy\" decoding=\"async\" width=\"1024\" height=\"473\" data-id=\"509\" src=\"https:\/\/dipmission-osce.com\/wp-content\/uploads\/2025\/03\/445469657_1719743742189293_9205159022652163465_n-1024x473.jpg\" alt=\"\" class=\"wp-image-509\" srcset=\"https:\/\/dipmission-osce.com\/wp-content\/uploads\/2025\/03\/445469657_1719743742189293_9205159022652163465_n-1024x473.jpg 1024w, https:\/\/dipmission-osce.com\/wp-content\/uploads\/2025\/03\/445469657_1719743742189293_9205159022652163465_n-300x139.jpg 300w, https:\/\/dipmission-osce.com\/wp-content\/uploads\/2025\/03\/445469657_1719743742189293_9205159022652163465_n-768x355.jpg 768w, https:\/\/dipmission-osce.com\/wp-content\/uploads\/2025\/03\/445469657_1719743742189293_9205159022652163465_n-1536x709.jpg 1536w, https:\/\/dipmission-osce.com\/wp-content\/uploads\/2025\/03\/445469657_1719743742189293_9205159022652163465_n.jpg 1600w\" sizes=\"auto, (max-width: 1024px) 100vw, 1024px\" \/><\/figure>\n\n\n\n<figure class=\"wp-block-image size-large\"><img loading=\"lazy\" decoding=\"async\" width=\"1024\" height=\"462\" data-id=\"511\" src=\"https:\/\/dipmission-osce.com\/wp-content\/uploads\/2025\/03\/445745681_1719743478855986_8822011755087480606_n-1024x462.jpg\" alt=\"\" class=\"wp-image-511\" srcset=\"https:\/\/dipmission-osce.com\/wp-content\/uploads\/2025\/03\/445745681_1719743478855986_8822011755087480606_n-1024x462.jpg 1024w, https:\/\/dipmission-osce.com\/wp-content\/uploads\/2025\/03\/445745681_1719743478855986_8822011755087480606_n-300x135.jpg 300w, https:\/\/dipmission-osce.com\/wp-content\/uploads\/2025\/03\/445745681_1719743478855986_8822011755087480606_n-768x346.jpg 768w, https:\/\/dipmission-osce.com\/wp-content\/uploads\/2025\/03\/445745681_1719743478855986_8822011755087480606_n.jpg 1420w\" sizes=\"auto, (max-width: 1024px) 100vw, 1024px\" \/><\/figure>\n<\/figure>\n","protected":false},"excerpt":{"rendered":"<p>Niezachwian\u0105 tradycj\u0105 sta\u0142y si\u0119 ju\u017c wizyty w domu dziecka w U\u017chorodzie przez Przewodnicz\u0105cego organizacji pozarz\u0105dowej \u201eMi\u0119dzynarodowa Dyplomatyczna Misja Humanitarna\u201d OBWE \u2013 Petra Szpuganycza, wraz z przedstawicielami misji dyplomatycznej Erik\u0105 Popowycz i O\u0142eksandrem Popowyczem, z inicjatywy Misji Monitoruj\u0105cej OBWE oraz rz\u0105dowej organizacji Bundestagu Niemiec Global Security Sector Reform Foundation gGmbH. W przeddzie\u0144 Dnia Dziecka dzieciom-sierotom przekazano [&hellip;]<\/p>\n","protected":false},"author":1,"featured_media":2004,"comment_status":"open","ping_status":"open","sticky":false,"template":"","format":"standard","meta":{"inline_featured_image":false,"footnotes":""},"categories":[12],"tags":[],"class_list":["post-2002","post","type-post","status-publish","format-standard","has-post-thumbnail","hentry","category-bez-kategorii"],"acf":[],"yoast_head":"<!-- This site is optimized with the Yoast SEO plugin v25.6 - https:\/\/yoast.com\/wordpress\/plugins\/seo\/ -->\n<title>Z okazji Dnia Dziecka misja humanitarna OBWE przekaza\u0142a prezenty dzieciom-sierotom w U\u017chorodzie. | OSCE IDHM<\/title>\n<meta name=\"robots\" content=\"index, follow, max-snippet:-1, max-image-preview:large, max-video-preview:-1\" \/>\n<link rel=\"canonical\" href=\"https:\/\/dipmission-osce.com\/pl\/polskyj-lider-tusk-planuye-zaproponuvaty-vijskovu-pidgotovku-vsim-polskym-cholovikam\/\" \/>\n<meta property=\"og:locale\" content=\"pl_PL\" \/>\n<meta property=\"og:type\" content=\"article\" \/>\n<meta property=\"og:title\" content=\"Z okazji Dnia Dziecka misja humanitarna OBWE przekaza\u0142a prezenty dzieciom-sierotom w U\u017chorodzie. | OSCE IDHM\" \/>\n<meta property=\"og:description\" content=\"Niezachwian\u0105 tradycj\u0105 sta\u0142y si\u0119 ju\u017c wizyty w domu dziecka w U\u017chorodzie przez Przewodnicz\u0105cego organizacji pozarz\u0105dowej \u201eMi\u0119dzynarodowa Dyplomatyczna Misja Humanitarna\u201d OBWE \u2013 Petra Szpuganycza, wraz z przedstawicielami misji dyplomatycznej Erik\u0105 Popowycz i O\u0142eksandrem Popowyczem, z inicjatywy Misji Monitoruj\u0105cej OBWE oraz rz\u0105dowej organizacji Bundestagu Niemiec Global Security Sector Reform Foundation gGmbH. W przeddzie\u0144 Dnia Dziecka dzieciom-sierotom przekazano [&hellip;]\" \/>\n<meta property=\"og:url\" content=\"https:\/\/dipmission-osce.com\/pl\/polskyj-lider-tusk-planuye-zaproponuvaty-vijskovu-pidgotovku-vsim-polskym-cholovikam\/\" \/>\n<meta property=\"og:site_name\" content=\"OSCE IDHM\" \/>\n<meta property=\"article:publisher\" content=\"https:\/\/www.facebook.com\/groups\/1056799551716288\" \/>\n<meta property=\"article:published_time\" content=\"2024-05-28T06:09:00+00:00\" \/>\n<meta property=\"article:modified_time\" content=\"2025-09-29T13:07:13+00:00\" \/>\n<meta property=\"og:image\" content=\"https:\/\/dipmission-osce.com\/wp-content\/uploads\/2025\/03\/445469657_1719743742189293_9205159022652163465_n.jpg\" \/>\n\t<meta property=\"og:image:width\" content=\"1600\" \/>\n\t<meta property=\"og:image:height\" content=\"739\" \/>\n\t<meta property=\"og:image:type\" content=\"image\/jpeg\" \/>\n<meta name=\"author\" content=\"admin\" \/>\n<meta name=\"twitter:card\" content=\"summary_large_image\" \/>\n<meta name=\"twitter:label1\" content=\"Napisane przez\" \/>\n\t<meta name=\"twitter:data1\" content=\"admin\" \/>\n\t<meta name=\"twitter:label2\" content=\"Szacowany czas czytania\" \/>\n\t<meta name=\"twitter:data2\" content=\"1 minuta\" \/>\n<script type=\"application\/ld+json\" class=\"yoast-schema-graph\">{\"@context\":\"https:\/\/schema.org\",\"@graph\":[{\"@type\":\"Article\",\"@id\":\"https:\/\/dipmission-osce.com\/pl\/polskyj-lider-tusk-planuye-zaproponuvaty-vijskovu-pidgotovku-vsim-polskym-cholovikam\/#article\",\"isPartOf\":{\"@id\":\"https:\/\/dipmission-osce.com\/pl\/polskyj-lider-tusk-planuye-zaproponuvaty-vijskovu-pidgotovku-vsim-polskym-cholovikam\/\"},\"author\":{\"name\":\"admin\",\"@id\":\"https:\/\/dipmission-osce.com\/pl\/#\/schema\/person\/64ee51e1e4edcd45bfb312fb9c9de2ca\"},\"headline\":\"Z okazji Dnia Dziecka misja humanitarna OBWE przekaza\u0142a prezenty dzieciom-sierotom w U\u017chorodzie.\",\"datePublished\":\"2024-05-28T06:09:00+00:00\",\"dateModified\":\"2025-09-29T13:07:13+00:00\",\"mainEntityOfPage\":{\"@id\":\"https:\/\/dipmission-osce.com\/pl\/polskyj-lider-tusk-planuye-zaproponuvaty-vijskovu-pidgotovku-vsim-polskym-cholovikam\/\"},\"wordCount\":91,\"commentCount\":0,\"publisher\":{\"@id\":\"https:\/\/dipmission-osce.com\/pl\/#organization\"},\"image\":{\"@id\":\"https:\/\/dipmission-osce.com\/pl\/polskyj-lider-tusk-planuye-zaproponuvaty-vijskovu-pidgotovku-vsim-polskym-cholovikam\/#primaryimage\"},\"thumbnailUrl\":\"https:\/\/dipmission-osce.com\/wp-content\/uploads\/2025\/03\/445469657_1719743742189293_9205159022652163465_n.jpg\",\"articleSection\":[\"Wa\u017cny\"],\"inLanguage\":\"pl-PL\",\"potentialAction\":[{\"@type\":\"CommentAction\",\"name\":\"Comment\",\"target\":[\"https:\/\/dipmission-osce.com\/pl\/polskyj-lider-tusk-planuye-zaproponuvaty-vijskovu-pidgotovku-vsim-polskym-cholovikam\/#respond\"]}]},{\"@type\":\"WebPage\",\"@id\":\"https:\/\/dipmission-osce.com\/pl\/polskyj-lider-tusk-planuye-zaproponuvaty-vijskovu-pidgotovku-vsim-polskym-cholovikam\/\",\"url\":\"https:\/\/dipmission-osce.com\/pl\/polskyj-lider-tusk-planuye-zaproponuvaty-vijskovu-pidgotovku-vsim-polskym-cholovikam\/\",\"name\":\"Z okazji Dnia Dziecka misja humanitarna OBWE przekaza\u0142a prezenty dzieciom-sierotom w U\u017chorodzie. | OSCE IDHM\",\"isPartOf\":{\"@id\":\"https:\/\/dipmission-osce.com\/pl\/#website\"},\"primaryImageOfPage\":{\"@id\":\"https:\/\/dipmission-osce.com\/pl\/polskyj-lider-tusk-planuye-zaproponuvaty-vijskovu-pidgotovku-vsim-polskym-cholovikam\/#primaryimage\"},\"image\":{\"@id\":\"https:\/\/dipmission-osce.com\/pl\/polskyj-lider-tusk-planuye-zaproponuvaty-vijskovu-pidgotovku-vsim-polskym-cholovikam\/#primaryimage\"},\"thumbnailUrl\":\"https:\/\/dipmission-osce.com\/wp-content\/uploads\/2025\/03\/445469657_1719743742189293_9205159022652163465_n.jpg\",\"datePublished\":\"2024-05-28T06:09:00+00:00\",\"dateModified\":\"2025-09-29T13:07:13+00:00\",\"breadcrumb\":{\"@id\":\"https:\/\/dipmission-osce.com\/pl\/polskyj-lider-tusk-planuye-zaproponuvaty-vijskovu-pidgotovku-vsim-polskym-cholovikam\/#breadcrumb\"},\"inLanguage\":\"pl-PL\",\"potentialAction\":[{\"@type\":\"ReadAction\",\"target\":[\"https:\/\/dipmission-osce.com\/pl\/polskyj-lider-tusk-planuye-zaproponuvaty-vijskovu-pidgotovku-vsim-polskym-cholovikam\/\"]}]},{\"@type\":\"ImageObject\",\"inLanguage\":\"pl-PL\",\"@id\":\"https:\/\/dipmission-osce.com\/pl\/polskyj-lider-tusk-planuye-zaproponuvaty-vijskovu-pidgotovku-vsim-polskym-cholovikam\/#primaryimage\",\"url\":\"https:\/\/dipmission-osce.com\/wp-content\/uploads\/2025\/03\/445469657_1719743742189293_9205159022652163465_n.jpg\",\"contentUrl\":\"https:\/\/dipmission-osce.com\/wp-content\/uploads\/2025\/03\/445469657_1719743742189293_9205159022652163465_n.jpg\",\"width\":1600,\"height\":739},{\"@type\":\"BreadcrumbList\",\"@id\":\"https:\/\/dipmission-osce.com\/pl\/polskyj-lider-tusk-planuye-zaproponuvaty-vijskovu-pidgotovku-vsim-polskym-cholovikam\/#breadcrumb\",\"itemListElement\":[{\"@type\":\"ListItem\",\"position\":1,\"name\":\"\u0413\u043e\u043b\u043e\u0432\u043d\u0430\",\"item\":\"https:\/\/dipmission-osce.com\/pl\/\"},{\"@type\":\"ListItem\",\"position\":2,\"name\":\"Z okazji Dnia Dziecka misja humanitarna OBWE przekaza\u0142a prezenty dzieciom-sierotom w U\u017chorodzie.\"}]},{\"@type\":\"WebSite\",\"@id\":\"https:\/\/dipmission-osce.com\/pl\/#website\",\"url\":\"https:\/\/dipmission-osce.com\/pl\/\",\"name\":\"OSCE IDHM\",\"description\":\"Dipmission OSCE\",\"publisher\":{\"@id\":\"https:\/\/dipmission-osce.com\/pl\/#organization\"},\"alternateName\":\"OSCE IDHM\",\"potentialAction\":[{\"@type\":\"SearchAction\",\"target\":{\"@type\":\"EntryPoint\",\"urlTemplate\":\"https:\/\/dipmission-osce.com\/pl\/?s={search_term_string}\"},\"query-input\":{\"@type\":\"PropertyValueSpecification\",\"valueRequired\":true,\"valueName\":\"search_term_string\"}}],\"inLanguage\":\"pl-PL\"},{\"@type\":\"Organization\",\"@id\":\"https:\/\/dipmission-osce.com\/pl\/#organization\",\"name\":\"Dipmission OSCE\",\"url\":\"https:\/\/dipmission-osce.com\/pl\/\",\"logo\":{\"@type\":\"ImageObject\",\"inLanguage\":\"pl-PL\",\"@id\":\"https:\/\/dipmission-osce.com\/pl\/#\/schema\/logo\/image\/\",\"url\":\"https:\/\/dipmission-osce.com\/wp-content\/uploads\/2025\/07\/featured-image-dipmission-osce.png\",\"contentUrl\":\"https:\/\/dipmission-osce.com\/wp-content\/uploads\/2025\/07\/featured-image-dipmission-osce.png\",\"width\":1200,\"height\":675,\"caption\":\"Dipmission OSCE\"},\"image\":{\"@id\":\"https:\/\/dipmission-osce.com\/pl\/#\/schema\/logo\/image\/\"},\"sameAs\":[\"https:\/\/www.facebook.com\/groups\/1056799551716288\"]},{\"@type\":\"Person\",\"@id\":\"https:\/\/dipmission-osce.com\/pl\/#\/schema\/person\/64ee51e1e4edcd45bfb312fb9c9de2ca\",\"name\":\"admin\",\"image\":{\"@type\":\"ImageObject\",\"inLanguage\":\"pl-PL\",\"@id\":\"https:\/\/dipmission-osce.com\/pl\/#\/schema\/person\/image\/\",\"url\":\"https:\/\/secure.gravatar.com\/avatar\/473f9681549688bcd731b8a9535f18e76c06ab27390be84d91d8917d988d5296?s=96&d=mm&r=g\",\"contentUrl\":\"https:\/\/secure.gravatar.com\/avatar\/473f9681549688bcd731b8a9535f18e76c06ab27390be84d91d8917d988d5296?s=96&d=mm&r=g\",\"caption\":\"admin\"},\"sameAs\":[\"https:\/\/dipmission-osce.com\"]}]}<\/script>\n<!-- \/ Yoast SEO plugin. -->","yoast_head_json":{"title":"Z okazji Dnia Dziecka misja humanitarna OBWE przekaza\u0142a prezenty dzieciom-sierotom w U\u017chorodzie. | OSCE IDHM","robots":{"index":"index","follow":"follow","max-snippet":"max-snippet:-1","max-image-preview":"max-image-preview:large","max-video-preview":"max-video-preview:-1"},"canonical":"https:\/\/dipmission-osce.com\/pl\/polskyj-lider-tusk-planuye-zaproponuvaty-vijskovu-pidgotovku-vsim-polskym-cholovikam\/","og_locale":"pl_PL","og_type":"article","og_title":"Z okazji Dnia Dziecka misja humanitarna OBWE przekaza\u0142a prezenty dzieciom-sierotom w U\u017chorodzie. | OSCE IDHM","og_description":"Niezachwian\u0105 tradycj\u0105 sta\u0142y si\u0119 ju\u017c wizyty w domu dziecka w U\u017chorodzie przez Przewodnicz\u0105cego organizacji pozarz\u0105dowej \u201eMi\u0119dzynarodowa Dyplomatyczna Misja Humanitarna\u201d OBWE \u2013 Petra Szpuganycza, wraz z przedstawicielami misji dyplomatycznej Erik\u0105 Popowycz i O\u0142eksandrem Popowyczem, z inicjatywy Misji Monitoruj\u0105cej OBWE oraz rz\u0105dowej organizacji Bundestagu Niemiec Global Security Sector Reform Foundation gGmbH. W przeddzie\u0144 Dnia Dziecka dzieciom-sierotom przekazano [&hellip;]","og_url":"https:\/\/dipmission-osce.com\/pl\/polskyj-lider-tusk-planuye-zaproponuvaty-vijskovu-pidgotovku-vsim-polskym-cholovikam\/","og_site_name":"OSCE IDHM","article_publisher":"https:\/\/www.facebook.com\/groups\/1056799551716288","article_published_time":"2024-05-28T06:09:00+00:00","article_modified_time":"2025-09-29T13:07:13+00:00","og_image":[{"width":1600,"height":739,"url":"https:\/\/dipmission-osce.com\/wp-content\/uploads\/2025\/03\/445469657_1719743742189293_9205159022652163465_n.jpg","type":"image\/jpeg"}],"author":"admin","twitter_card":"summary_large_image","twitter_misc":{"Napisane przez":"admin","Szacowany czas czytania":"1 minuta"},"schema":{"@context":"https:\/\/schema.org","@graph":[{"@type":"Article","@id":"https:\/\/dipmission-osce.com\/pl\/polskyj-lider-tusk-planuye-zaproponuvaty-vijskovu-pidgotovku-vsim-polskym-cholovikam\/#article","isPartOf":{"@id":"https:\/\/dipmission-osce.com\/pl\/polskyj-lider-tusk-planuye-zaproponuvaty-vijskovu-pidgotovku-vsim-polskym-cholovikam\/"},"author":{"name":"admin","@id":"https:\/\/dipmission-osce.com\/pl\/#\/schema\/person\/64ee51e1e4edcd45bfb312fb9c9de2ca"},"headline":"Z okazji Dnia Dziecka misja humanitarna OBWE przekaza\u0142a prezenty dzieciom-sierotom w U\u017chorodzie.","datePublished":"2024-05-28T06:09:00+00:00","dateModified":"2025-09-29T13:07:13+00:00","mainEntityOfPage":{"@id":"https:\/\/dipmission-osce.com\/pl\/polskyj-lider-tusk-planuye-zaproponuvaty-vijskovu-pidgotovku-vsim-polskym-cholovikam\/"},"wordCount":91,"commentCount":0,"publisher":{"@id":"https:\/\/dipmission-osce.com\/pl\/#organization"},"image":{"@id":"https:\/\/dipmission-osce.com\/pl\/polskyj-lider-tusk-planuye-zaproponuvaty-vijskovu-pidgotovku-vsim-polskym-cholovikam\/#primaryimage"},"thumbnailUrl":"https:\/\/dipmission-osce.com\/wp-content\/uploads\/2025\/03\/445469657_1719743742189293_9205159022652163465_n.jpg","articleSection":["Wa\u017cny"],"inLanguage":"pl-PL","potentialAction":[{"@type":"CommentAction","name":"Comment","target":["https:\/\/dipmission-osce.com\/pl\/polskyj-lider-tusk-planuye-zaproponuvaty-vijskovu-pidgotovku-vsim-polskym-cholovikam\/#respond"]}]},{"@type":"WebPage","@id":"https:\/\/dipmission-osce.com\/pl\/polskyj-lider-tusk-planuye-zaproponuvaty-vijskovu-pidgotovku-vsim-polskym-cholovikam\/","url":"https:\/\/dipmission-osce.com\/pl\/polskyj-lider-tusk-planuye-zaproponuvaty-vijskovu-pidgotovku-vsim-polskym-cholovikam\/","name":"Z okazji Dnia Dziecka misja humanitarna OBWE przekaza\u0142a prezenty dzieciom-sierotom w U\u017chorodzie. | OSCE IDHM","isPartOf":{"@id":"https:\/\/dipmission-osce.com\/pl\/#website"},"primaryImageOfPage":{"@id":"https:\/\/dipmission-osce.com\/pl\/polskyj-lider-tusk-planuye-zaproponuvaty-vijskovu-pidgotovku-vsim-polskym-cholovikam\/#primaryimage"},"image":{"@id":"https:\/\/dipmission-osce.com\/pl\/polskyj-lider-tusk-planuye-zaproponuvaty-vijskovu-pidgotovku-vsim-polskym-cholovikam\/#primaryimage"},"thumbnailUrl":"https:\/\/dipmission-osce.com\/wp-content\/uploads\/2025\/03\/445469657_1719743742189293_9205159022652163465_n.jpg","datePublished":"2024-05-28T06:09:00+00:00","dateModified":"2025-09-29T13:07:13+00:00","breadcrumb":{"@id":"https:\/\/dipmission-osce.com\/pl\/polskyj-lider-tusk-planuye-zaproponuvaty-vijskovu-pidgotovku-vsim-polskym-cholovikam\/#breadcrumb"},"inLanguage":"pl-PL","potentialAction":[{"@type":"ReadAction","target":["https:\/\/dipmission-osce.com\/pl\/polskyj-lider-tusk-planuye-zaproponuvaty-vijskovu-pidgotovku-vsim-polskym-cholovikam\/"]}]},{"@type":"ImageObject","inLanguage":"pl-PL","@id":"https:\/\/dipmission-osce.com\/pl\/polskyj-lider-tusk-planuye-zaproponuvaty-vijskovu-pidgotovku-vsim-polskym-cholovikam\/#primaryimage","url":"https:\/\/dipmission-osce.com\/wp-content\/uploads\/2025\/03\/445469657_1719743742189293_9205159022652163465_n.jpg","contentUrl":"https:\/\/dipmission-osce.com\/wp-content\/uploads\/2025\/03\/445469657_1719743742189293_9205159022652163465_n.jpg","width":1600,"height":739},{"@type":"BreadcrumbList","@id":"https:\/\/dipmission-osce.com\/pl\/polskyj-lider-tusk-planuye-zaproponuvaty-vijskovu-pidgotovku-vsim-polskym-cholovikam\/#breadcrumb","itemListElement":[{"@type":"ListItem","position":1,"name":"\u0413\u043e\u043b\u043e\u0432\u043d\u0430","item":"https:\/\/dipmission-osce.com\/pl\/"},{"@type":"ListItem","position":2,"name":"Z okazji Dnia Dziecka misja humanitarna OBWE przekaza\u0142a prezenty dzieciom-sierotom w U\u017chorodzie."}]},{"@type":"WebSite","@id":"https:\/\/dipmission-osce.com\/pl\/#website","url":"https:\/\/dipmission-osce.com\/pl\/","name":"OSCE IDHM","description":"Dipmission OSCE","publisher":{"@id":"https:\/\/dipmission-osce.com\/pl\/#organization"},"alternateName":"OSCE IDHM","potentialAction":[{"@type":"SearchAction","target":{"@type":"EntryPoint","urlTemplate":"https:\/\/dipmission-osce.com\/pl\/?s={search_term_string}"},"query-input":{"@type":"PropertyValueSpecification","valueRequired":true,"valueName":"search_term_string"}}],"inLanguage":"pl-PL"},{"@type":"Organization","@id":"https:\/\/dipmission-osce.com\/pl\/#organization","name":"Dipmission OSCE","url":"https:\/\/dipmission-osce.com\/pl\/","logo":{"@type":"ImageObject","inLanguage":"pl-PL","@id":"https:\/\/dipmission-osce.com\/pl\/#\/schema\/logo\/image\/","url":"https:\/\/dipmission-osce.com\/wp-content\/uploads\/2025\/07\/featured-image-dipmission-osce.png","contentUrl":"https:\/\/dipmission-osce.com\/wp-content\/uploads\/2025\/07\/featured-image-dipmission-osce.png","width":1200,"height":675,"caption":"Dipmission OSCE"},"image":{"@id":"https:\/\/dipmission-osce.com\/pl\/#\/schema\/logo\/image\/"},"sameAs":["https:\/\/www.facebook.com\/groups\/1056799551716288"]},{"@type":"Person","@id":"https:\/\/dipmission-osce.com\/pl\/#\/schema\/person\/64ee51e1e4edcd45bfb312fb9c9de2ca","name":"admin","image":{"@type":"ImageObject","inLanguage":"pl-PL","@id":"https:\/\/dipmission-osce.com\/pl\/#\/schema\/person\/image\/","url":"https:\/\/secure.gravatar.com\/avatar\/473f9681549688bcd731b8a9535f18e76c06ab27390be84d91d8917d988d5296?s=96&d=mm&r=g","contentUrl":"https:\/\/secure.gravatar.com\/avatar\/473f9681549688bcd731b8a9535f18e76c06ab27390be84d91d8917d988d5296?s=96&d=mm&r=g","caption":"admin"},"sameAs":["https:\/\/dipmission-osce.com"]}]}},"_links":{"self":[{"href":"https:\/\/dipmission-osce.com\/pl\/wp-json\/wp\/v2\/posts\/2002","targetHints":{"allow":["GET"]}}],"collection":[{"href":"https:\/\/dipmission-osce.com\/pl\/wp-json\/wp\/v2\/posts"}],"about":[{"href":"https:\/\/dipmission-osce.com\/pl\/wp-json\/wp\/v2\/types\/post"}],"author":[{"embeddable":true,"href":"https:\/\/dipmission-osce.com\/pl\/wp-json\/wp\/v2\/users\/1"}],"replies":[{"embeddable":true,"href":"https:\/\/dipmission-osce.com\/pl\/wp-json\/wp\/v2\/comments?post=2002"}],"version-history":[{"count":1,"href":"https:\/\/dipmission-osce.com\/pl\/wp-json\/wp\/v2\/posts\/2002\/revisions"}],"predecessor-version":[{"id":2390,"href":"https:\/\/dipmission-osce.com\/pl\/wp-json\/wp\/v2\/posts\/2002\/revisions\/2390"}],"wp:featuredmedia":[{"embeddable":true,"href":"https:\/\/dipmission-osce.com\/pl\/wp-json\/wp\/v2\/media\/2004"}],"wp:attachment":[{"href":"https:\/\/dipmission-osce.com\/pl\/wp-json\/wp\/v2\/media?parent=2002"}],"wp:term":[{"taxonomy":"category","embeddable":true,"href":"https:\/\/dipmission-osce.com\/pl\/wp-json\/wp\/v2\/categories?post=2002"},{"taxonomy":"post_tag","embeddable":true,"href":"https:\/\/dipmission-osce.com\/pl\/wp-json\/wp\/v2\/tags?post=2002"}],"curies":[{"name":"wp","href":"https:\/\/api.w.org\/{rel}","templated":true}]}}