{"id":1904,"date":"2025-06-30T20:07:11","date_gmt":"2025-06-30T20:07:11","guid":{"rendered":"https:\/\/dipmission-osce.com\/u-lvovi-startuvala-diyalnist-predstavnycztva-mizhnarodnoyi-dyplomatychnoyi-ta-gumanitarnoyi-misiyi-obsye\/"},"modified":"2025-09-29T11:16:27","modified_gmt":"2025-09-29T11:16:27","slug":"u-lvovi-startuvala-diyalnist-predstavnycztva-mizhnarodnoyi-dyplomatychnoyi-ta-gumanitarnoyi-misiyi-obsye","status":"publish","type":"post","link":"https:\/\/dipmission-osce.com\/pl\/u-lvovi-startuvala-diyalnist-predstavnycztva-mizhnarodnoyi-dyplomatychnoyi-ta-gumanitarnoyi-misiyi-obsye\/","title":{"rendered":"We Lwowie rozpocz\u0119\u0142a dzia\u0142alno\u015b\u0107 plac\u00f3wka Mi\u0119dzynarodowej Dyplomatycznej i Humanitarnej Misji OBWE"},"content":{"rendered":"\n<p>Dzia\u0142alno\u015b\u0107 misji rozpocz\u0119\u0142a si\u0119 we wsp\u00f3\u0142pracy z chrze\u015bcija\u0144sk\u0105 kawiarni\u0105 \u201eWitania\u201d, kt\u00f3ra od wielu lat organizuje karmienie potrzebuj\u0105cych. Od tej pory misja r\u00f3wnie\u017c do\u0142\u0105czy\u0142a do tego dobrego przedsi\u0119wzi\u0119cia i rozpocz\u0119\u0142a regularne dostarczanie artyku\u0142\u00f3w spo\u017cywczych.<\/p>\n\n\n\n<div style=\"height:12px\" aria-hidden=\"true\" class=\"wp-block-spacer\"><\/div>\n\n\n\n<p>W ka\u017cdy wtorek <strong>przy ko\u015bciele \u015bw. W\u0142odzimierza i Olgi <\/strong>odbywa\u0107 si\u0119 b\u0119dzie wydawanie artyku\u0142\u00f3w spo\u017cywczych osobom w trudnej sytuacji materialnej oraz organizacja ich posi\u0142k\u00f3w.<\/p>\n\n\n\n<div style=\"height:12px\" aria-hidden=\"true\" class=\"wp-block-spacer\"><\/div>\n\n\n\n<p>Wyra\u017camy szczere podzi\u0119kowania kierownictwu kawiarni \u201eWitania\u201d za szlachetn\u0105 inicjatyw\u0119 oraz za umo\u017cliwienie nam aktywnego udzia\u0142u w tej s\u0142u\u017cbie.<\/p>\n\n\n\n<div style=\"height:12px\" aria-hidden=\"true\" class=\"wp-block-spacer\"><\/div>\n\n\n\n<p>R\u00f3wnie\u017c <strong>dzi\u0119kujemy naszym przedstawicielom:<\/strong><\/p>\n\n\n\n<p><strong>Atillii Nod\u017a<\/strong> \u2014 za przekazane produkty,<\/p>\n\n\n\n<p><strong>Jurijowi Basowi<\/strong> oraz kuratorowi <strong>Vasylowi Zoreni<\/strong> \u2014 za organizacj\u0119 inicjatywy humanitarnej,\u0432\u0438,<\/p>\n\n\n\n<p>Szczeg\u00f3lne podzi\u0119kowania naszemu partnerowi <strong>Andrijowi Wowkowi <\/strong>\u2014 za pomoc w dostarczaniu i transporcie produkt\u00f3w.<\/p>\n\n\n\n<div style=\"height:12px\" aria-hidden=\"true\" class=\"wp-block-spacer\"><\/div>\n\n\n\n<p>Razem pracujemy, aby zaspokaja\u0107 potrzeby naszego regionu i udziela\u0107 wsparcia tym, kt\u00f3rzy go potrzebuj\u0105.<\/p>\n\n\n\n<figure class=\"wp-block-gallery has-nested-images columns-default is-cropped wp-block-gallery-1 is-layout-flex wp-block-gallery-is-layout-flex\">\n<figure class=\"wp-block-image size-large\"><img loading=\"lazy\" decoding=\"async\" width=\"1024\" height=\"768\" data-id=\"1418\" src=\"https:\/\/dipmission-osce.com\/wp-content\/uploads\/2025\/06\/img_4116-1024x768.jpg\" alt=\"\" class=\"wp-image-1418\" srcset=\"https:\/\/dipmission-osce.com\/wp-content\/uploads\/2025\/06\/img_4116-1024x768.jpg 1024w, https:\/\/dipmission-osce.com\/wp-content\/uploads\/2025\/06\/img_4116-300x225.jpg 300w, https:\/\/dipmission-osce.com\/wp-content\/uploads\/2025\/06\/img_4116-768x576.jpg 768w, https:\/\/dipmission-osce.com\/wp-content\/uploads\/2025\/06\/img_4116-1536x1152.jpg 1536w, https:\/\/dipmission-osce.com\/wp-content\/uploads\/2025\/06\/img_4116-2048x1536.jpg 2048w\" sizes=\"auto, (max-width: 1024px) 100vw, 1024px\" \/><\/figure>\n\n\n\n<figure class=\"wp-block-image size-large\"><img loading=\"lazy\" decoding=\"async\" width=\"768\" height=\"1024\" data-id=\"1414\" src=\"https:\/\/dipmission-osce.com\/wp-content\/uploads\/2025\/06\/img_4134-768x1024.jpg\" alt=\"\" class=\"wp-image-1414\" srcset=\"https:\/\/dipmission-osce.com\/wp-content\/uploads\/2025\/06\/img_4134-768x1024.jpg 768w, https:\/\/dipmission-osce.com\/wp-content\/uploads\/2025\/06\/img_4134-225x300.jpg 225w, https:\/\/dipmission-osce.com\/wp-content\/uploads\/2025\/06\/img_4134-1152x1536.jpg 1152w, https:\/\/dipmission-osce.com\/wp-content\/uploads\/2025\/06\/img_4134-1536x2048.jpg 1536w, https:\/\/dipmission-osce.com\/wp-content\/uploads\/2025\/06\/img_4134-scaled.jpg 1920w\" sizes=\"auto, (max-width: 768px) 100vw, 768px\" \/><\/figure>\n\n\n\n<figure class=\"wp-block-image size-large\"><img loading=\"lazy\" decoding=\"async\" width=\"1024\" height=\"768\" data-id=\"1416\" src=\"https:\/\/dipmission-osce.com\/wp-content\/uploads\/2025\/06\/img_4128-1024x768.jpg\" alt=\"\" class=\"wp-image-1416\" srcset=\"https:\/\/dipmission-osce.com\/wp-content\/uploads\/2025\/06\/img_4128-1024x768.jpg 1024w, https:\/\/dipmission-osce.com\/wp-content\/uploads\/2025\/06\/img_4128-300x225.jpg 300w, https:\/\/dipmission-osce.com\/wp-content\/uploads\/2025\/06\/img_4128-768x576.jpg 768w, https:\/\/dipmission-osce.com\/wp-content\/uploads\/2025\/06\/img_4128-1536x1152.jpg 1536w, https:\/\/dipmission-osce.com\/wp-content\/uploads\/2025\/06\/img_4128-2048x1536.jpg 2048w\" sizes=\"auto, (max-width: 1024px) 100vw, 1024px\" \/><\/figure>\n\n\n\n<figure class=\"wp-block-image size-large\"><img loading=\"lazy\" decoding=\"async\" width=\"846\" height=\"1024\" data-id=\"1426\" src=\"https:\/\/dipmission-osce.com\/wp-content\/uploads\/2025\/06\/img_4179-846x1024.jpg\" alt=\"\" class=\"wp-image-1426\" srcset=\"https:\/\/dipmission-osce.com\/wp-content\/uploads\/2025\/06\/img_4179-846x1024.jpg 846w, https:\/\/dipmission-osce.com\/wp-content\/uploads\/2025\/06\/img_4179-248x300.jpg 248w, https:\/\/dipmission-osce.com\/wp-content\/uploads\/2025\/06\/img_4179-768x930.jpg 768w, https:\/\/dipmission-osce.com\/wp-content\/uploads\/2025\/06\/img_4179-1268x1536.jpg 1268w, https:\/\/dipmission-osce.com\/wp-content\/uploads\/2025\/06\/img_4179-1691x2048.jpg 1691w\" sizes=\"auto, (max-width: 846px) 100vw, 846px\" \/><\/figure>\n\n\n\n<figure class=\"wp-block-image size-large\"><img loading=\"lazy\" decoding=\"async\" width=\"768\" height=\"1024\" data-id=\"1424\" src=\"https:\/\/dipmission-osce.com\/wp-content\/uploads\/2025\/06\/img_4150-768x1024.jpg\" alt=\"\" class=\"wp-image-1424\" srcset=\"https:\/\/dipmission-osce.com\/wp-content\/uploads\/2025\/06\/img_4150-768x1024.jpg 768w, https:\/\/dipmission-osce.com\/wp-content\/uploads\/2025\/06\/img_4150-225x300.jpg 225w, https:\/\/dipmission-osce.com\/wp-content\/uploads\/2025\/06\/img_4150-1152x1536.jpg 1152w, https:\/\/dipmission-osce.com\/wp-content\/uploads\/2025\/06\/img_4150-1536x2048.jpg 1536w, https:\/\/dipmission-osce.com\/wp-content\/uploads\/2025\/06\/img_4150-scaled.jpg 1920w\" sizes=\"auto, (max-width: 768px) 100vw, 768px\" \/><\/figure>\n\n\n\n<figure class=\"wp-block-image size-large\"><img loading=\"lazy\" decoding=\"async\" width=\"768\" height=\"1024\" data-id=\"1422\" src=\"https:\/\/dipmission-osce.com\/wp-content\/uploads\/2025\/06\/img_4166-768x1024.jpg\" alt=\"\" class=\"wp-image-1422\" srcset=\"https:\/\/dipmission-osce.com\/wp-content\/uploads\/2025\/06\/img_4166-768x1024.jpg 768w, https:\/\/dipmission-osce.com\/wp-content\/uploads\/2025\/06\/img_4166-225x300.jpg 225w, https:\/\/dipmission-osce.com\/wp-content\/uploads\/2025\/06\/img_4166-1152x1536.jpg 1152w, https:\/\/dipmission-osce.com\/wp-content\/uploads\/2025\/06\/img_4166-1536x2048.jpg 1536w, https:\/\/dipmission-osce.com\/wp-content\/uploads\/2025\/06\/img_4166-scaled.jpg 1920w\" sizes=\"auto, (max-width: 768px) 100vw, 768px\" \/><\/figure>\n\n\n\n<figure class=\"wp-block-image size-large\"><img loading=\"lazy\" decoding=\"async\" width=\"1024\" height=\"768\" data-id=\"1420\" src=\"https:\/\/dipmission-osce.com\/wp-content\/uploads\/2025\/06\/photo_2025-06-30_23-04-19-1024x768.jpg\" alt=\"\" class=\"wp-image-1420\" srcset=\"https:\/\/dipmission-osce.com\/wp-content\/uploads\/2025\/06\/photo_2025-06-30_23-04-19-1024x768.jpg 1024w, https:\/\/dipmission-osce.com\/wp-content\/uploads\/2025\/06\/photo_2025-06-30_23-04-19-300x225.jpg 300w, https:\/\/dipmission-osce.com\/wp-content\/uploads\/2025\/06\/photo_2025-06-30_23-04-19-768x576.jpg 768w, https:\/\/dipmission-osce.com\/wp-content\/uploads\/2025\/06\/photo_2025-06-30_23-04-19.jpg 1280w\" sizes=\"auto, (max-width: 1024px) 100vw, 1024px\" \/><\/figure>\n\n\n\n<figure class=\"wp-block-image size-large\"><img loading=\"lazy\" decoding=\"async\" width=\"1024\" height=\"881\" data-id=\"1428\" src=\"https:\/\/dipmission-osce.com\/wp-content\/uploads\/2025\/06\/img_4173-1024x881.jpg\" alt=\"\" class=\"wp-image-1428\" srcset=\"https:\/\/dipmission-osce.com\/wp-content\/uploads\/2025\/06\/img_4173-1024x881.jpg 1024w, https:\/\/dipmission-osce.com\/wp-content\/uploads\/2025\/06\/img_4173-300x258.jpg 300w, https:\/\/dipmission-osce.com\/wp-content\/uploads\/2025\/06\/img_4173-768x661.jpg 768w, https:\/\/dipmission-osce.com\/wp-content\/uploads\/2025\/06\/img_4173-1536x1321.jpg 1536w, https:\/\/dipmission-osce.com\/wp-content\/uploads\/2025\/06\/img_4173-2048x1762.jpg 2048w\" sizes=\"auto, (max-width: 1024px) 100vw, 1024px\" \/><\/figure>\n<\/figure>\n\n\n\n<figure class=\"wp-block-video\"><video height=\"1080\" style=\"aspect-ratio: 1920 \/ 1080;\" width=\"1920\" controls src=\"https:\/\/dipmission-osce.com\/wp-content\/uploads\/2025\/06\/img_4148.mov\"><\/video><\/figure>\n","protected":false},"excerpt":{"rendered":"<p>Dzia\u0142alno\u015b\u0107 misji rozpocz\u0119\u0142a si\u0119 we wsp\u00f3\u0142pracy z chrze\u015bcija\u0144sk\u0105 kawiarni\u0105 \u201eWitania\u201d, kt\u00f3ra od wielu lat organizuje karmienie potrzebuj\u0105cych. Od tej pory misja r\u00f3wnie\u017c do\u0142\u0105czy\u0142a do tego dobrego przedsi\u0119wzi\u0119cia i rozpocz\u0119\u0142a regularne dostarczanie artyku\u0142\u00f3w spo\u017cywczych. W ka\u017cdy wtorek przy ko\u015bciele \u015bw. W\u0142odzimierza i Olgi odbywa\u0107 si\u0119 b\u0119dzie wydawanie artyku\u0142\u00f3w spo\u017cywczych osobom w trudnej sytuacji materialnej oraz organizacja [&hellip;]<\/p>\n","protected":false},"author":1,"featured_media":1906,"comment_status":"open","ping_status":"open","sticky":false,"template":"","format":"standard","meta":{"inline_featured_image":false,"footnotes":""},"categories":[12],"tags":[],"class_list":["post-1904","post","type-post","status-publish","format-standard","has-post-thumbnail","hentry","category-bez-kategorii"],"acf":[],"yoast_head":"<!-- This site is optimized with the Yoast SEO plugin v25.6 - https:\/\/yoast.com\/wordpress\/plugins\/seo\/ -->\n<title>We Lwowie rozpocz\u0119\u0142a dzia\u0142alno\u015b\u0107 plac\u00f3wka Mi\u0119dzynarodowej Dyplomatycznej i Humanitarnej Misji OBWE | OSCE IDHM<\/title>\n<meta name=\"robots\" content=\"index, follow, max-snippet:-1, max-image-preview:large, max-video-preview:-1\" \/>\n<link rel=\"canonical\" href=\"https:\/\/dipmission-osce.com\/pl\/u-lvovi-startuvala-diyalnist-predstavnycztva-mizhnarodnoyi-dyplomatychnoyi-ta-gumanitarnoyi-misiyi-obsye\/\" \/>\n<meta property=\"og:locale\" content=\"pl_PL\" \/>\n<meta property=\"og:type\" content=\"article\" \/>\n<meta property=\"og:title\" content=\"We Lwowie rozpocz\u0119\u0142a dzia\u0142alno\u015b\u0107 plac\u00f3wka Mi\u0119dzynarodowej Dyplomatycznej i Humanitarnej Misji OBWE | OSCE IDHM\" \/>\n<meta property=\"og:description\" content=\"Dzia\u0142alno\u015b\u0107 misji rozpocz\u0119\u0142a si\u0119 we wsp\u00f3\u0142pracy z chrze\u015bcija\u0144sk\u0105 kawiarni\u0105 \u201eWitania\u201d, kt\u00f3ra od wielu lat organizuje karmienie potrzebuj\u0105cych. Od tej pory misja r\u00f3wnie\u017c do\u0142\u0105czy\u0142a do tego dobrego przedsi\u0119wzi\u0119cia i rozpocz\u0119\u0142a regularne dostarczanie artyku\u0142\u00f3w spo\u017cywczych. W ka\u017cdy wtorek przy ko\u015bciele \u015bw. W\u0142odzimierza i Olgi odbywa\u0107 si\u0119 b\u0119dzie wydawanie artyku\u0142\u00f3w spo\u017cywczych osobom w trudnej sytuacji materialnej oraz organizacja [&hellip;]\" \/>\n<meta property=\"og:url\" content=\"https:\/\/dipmission-osce.com\/pl\/u-lvovi-startuvala-diyalnist-predstavnycztva-mizhnarodnoyi-dyplomatychnoyi-ta-gumanitarnoyi-misiyi-obsye\/\" \/>\n<meta property=\"og:site_name\" content=\"OSCE IDHM\" \/>\n<meta property=\"article:publisher\" content=\"https:\/\/www.facebook.com\/groups\/1056799551716288\" \/>\n<meta property=\"article:published_time\" content=\"2025-06-30T20:07:11+00:00\" \/>\n<meta property=\"article:modified_time\" content=\"2025-09-29T11:16:27+00:00\" \/>\n<meta property=\"og:image\" content=\"https:\/\/dipmission-osce.com\/wp-content\/uploads\/2025\/06\/img_4173-scaled.jpg\" \/>\n\t<meta property=\"og:image:width\" content=\"2560\" \/>\n\t<meta property=\"og:image:height\" content=\"2202\" \/>\n\t<meta property=\"og:image:type\" content=\"image\/jpeg\" \/>\n<meta name=\"author\" content=\"admin\" \/>\n<meta name=\"twitter:card\" content=\"summary_large_image\" \/>\n<meta name=\"twitter:label1\" content=\"Napisane przez\" \/>\n\t<meta name=\"twitter:data1\" content=\"admin\" \/>\n\t<meta name=\"twitter:label2\" content=\"Szacowany czas czytania\" \/>\n\t<meta name=\"twitter:data2\" content=\"3 minuty\" \/>\n<script type=\"application\/ld+json\" class=\"yoast-schema-graph\">{\"@context\":\"https:\/\/schema.org\",\"@graph\":[{\"@type\":\"Article\",\"@id\":\"https:\/\/dipmission-osce.com\/pl\/u-lvovi-startuvala-diyalnist-predstavnycztva-mizhnarodnoyi-dyplomatychnoyi-ta-gumanitarnoyi-misiyi-obsye\/#article\",\"isPartOf\":{\"@id\":\"https:\/\/dipmission-osce.com\/pl\/u-lvovi-startuvala-diyalnist-predstavnycztva-mizhnarodnoyi-dyplomatychnoyi-ta-gumanitarnoyi-misiyi-obsye\/\"},\"author\":{\"name\":\"admin\",\"@id\":\"https:\/\/dipmission-osce.com\/pl\/#\/schema\/person\/64ee51e1e4edcd45bfb312fb9c9de2ca\"},\"headline\":\"We Lwowie rozpocz\u0119\u0142a dzia\u0142alno\u015b\u0107 plac\u00f3wka Mi\u0119dzynarodowej Dyplomatycznej i Humanitarnej Misji OBWE\",\"datePublished\":\"2025-06-30T20:07:11+00:00\",\"dateModified\":\"2025-09-29T11:16:27+00:00\",\"mainEntityOfPage\":{\"@id\":\"https:\/\/dipmission-osce.com\/pl\/u-lvovi-startuvala-diyalnist-predstavnycztva-mizhnarodnoyi-dyplomatychnoyi-ta-gumanitarnoyi-misiyi-obsye\/\"},\"wordCount\":196,\"commentCount\":0,\"publisher\":{\"@id\":\"https:\/\/dipmission-osce.com\/pl\/#organization\"},\"image\":{\"@id\":\"https:\/\/dipmission-osce.com\/pl\/u-lvovi-startuvala-diyalnist-predstavnycztva-mizhnarodnoyi-dyplomatychnoyi-ta-gumanitarnoyi-misiyi-obsye\/#primaryimage\"},\"thumbnailUrl\":\"https:\/\/dipmission-osce.com\/wp-content\/uploads\/2025\/06\/img_4173-scaled.jpg\",\"articleSection\":[\"Wa\u017cny\"],\"inLanguage\":\"pl-PL\",\"potentialAction\":[{\"@type\":\"CommentAction\",\"name\":\"Comment\",\"target\":[\"https:\/\/dipmission-osce.com\/pl\/u-lvovi-startuvala-diyalnist-predstavnycztva-mizhnarodnoyi-dyplomatychnoyi-ta-gumanitarnoyi-misiyi-obsye\/#respond\"]}]},{\"@type\":\"WebPage\",\"@id\":\"https:\/\/dipmission-osce.com\/pl\/u-lvovi-startuvala-diyalnist-predstavnycztva-mizhnarodnoyi-dyplomatychnoyi-ta-gumanitarnoyi-misiyi-obsye\/\",\"url\":\"https:\/\/dipmission-osce.com\/pl\/u-lvovi-startuvala-diyalnist-predstavnycztva-mizhnarodnoyi-dyplomatychnoyi-ta-gumanitarnoyi-misiyi-obsye\/\",\"name\":\"We Lwowie rozpocz\u0119\u0142a dzia\u0142alno\u015b\u0107 plac\u00f3wka Mi\u0119dzynarodowej Dyplomatycznej i Humanitarnej Misji OBWE | OSCE IDHM\",\"isPartOf\":{\"@id\":\"https:\/\/dipmission-osce.com\/pl\/#website\"},\"primaryImageOfPage\":{\"@id\":\"https:\/\/dipmission-osce.com\/pl\/u-lvovi-startuvala-diyalnist-predstavnycztva-mizhnarodnoyi-dyplomatychnoyi-ta-gumanitarnoyi-misiyi-obsye\/#primaryimage\"},\"image\":{\"@id\":\"https:\/\/dipmission-osce.com\/pl\/u-lvovi-startuvala-diyalnist-predstavnycztva-mizhnarodnoyi-dyplomatychnoyi-ta-gumanitarnoyi-misiyi-obsye\/#primaryimage\"},\"thumbnailUrl\":\"https:\/\/dipmission-osce.com\/wp-content\/uploads\/2025\/06\/img_4173-scaled.jpg\",\"datePublished\":\"2025-06-30T20:07:11+00:00\",\"dateModified\":\"2025-09-29T11:16:27+00:00\",\"breadcrumb\":{\"@id\":\"https:\/\/dipmission-osce.com\/pl\/u-lvovi-startuvala-diyalnist-predstavnycztva-mizhnarodnoyi-dyplomatychnoyi-ta-gumanitarnoyi-misiyi-obsye\/#breadcrumb\"},\"inLanguage\":\"pl-PL\",\"potentialAction\":[{\"@type\":\"ReadAction\",\"target\":[\"https:\/\/dipmission-osce.com\/pl\/u-lvovi-startuvala-diyalnist-predstavnycztva-mizhnarodnoyi-dyplomatychnoyi-ta-gumanitarnoyi-misiyi-obsye\/\"]}]},{\"@type\":\"ImageObject\",\"inLanguage\":\"pl-PL\",\"@id\":\"https:\/\/dipmission-osce.com\/pl\/u-lvovi-startuvala-diyalnist-predstavnycztva-mizhnarodnoyi-dyplomatychnoyi-ta-gumanitarnoyi-misiyi-obsye\/#primaryimage\",\"url\":\"https:\/\/dipmission-osce.com\/wp-content\/uploads\/2025\/06\/img_4173-scaled.jpg\",\"contentUrl\":\"https:\/\/dipmission-osce.com\/wp-content\/uploads\/2025\/06\/img_4173-scaled.jpg\",\"width\":2560,\"height\":2202},{\"@type\":\"BreadcrumbList\",\"@id\":\"https:\/\/dipmission-osce.com\/pl\/u-lvovi-startuvala-diyalnist-predstavnycztva-mizhnarodnoyi-dyplomatychnoyi-ta-gumanitarnoyi-misiyi-obsye\/#breadcrumb\",\"itemListElement\":[{\"@type\":\"ListItem\",\"position\":1,\"name\":\"\u0413\u043e\u043b\u043e\u0432\u043d\u0430\",\"item\":\"https:\/\/dipmission-osce.com\/pl\/\"},{\"@type\":\"ListItem\",\"position\":2,\"name\":\"We Lwowie rozpocz\u0119\u0142a dzia\u0142alno\u015b\u0107 plac\u00f3wka Mi\u0119dzynarodowej Dyplomatycznej i Humanitarnej Misji OBWE\"}]},{\"@type\":\"WebSite\",\"@id\":\"https:\/\/dipmission-osce.com\/pl\/#website\",\"url\":\"https:\/\/dipmission-osce.com\/pl\/\",\"name\":\"OSCE IDHM\",\"description\":\"Dipmission OSCE\",\"publisher\":{\"@id\":\"https:\/\/dipmission-osce.com\/pl\/#organization\"},\"alternateName\":\"OSCE IDHM\",\"potentialAction\":[{\"@type\":\"SearchAction\",\"target\":{\"@type\":\"EntryPoint\",\"urlTemplate\":\"https:\/\/dipmission-osce.com\/pl\/?s={search_term_string}\"},\"query-input\":{\"@type\":\"PropertyValueSpecification\",\"valueRequired\":true,\"valueName\":\"search_term_string\"}}],\"inLanguage\":\"pl-PL\"},{\"@type\":\"Organization\",\"@id\":\"https:\/\/dipmission-osce.com\/pl\/#organization\",\"name\":\"Dipmission OSCE\",\"url\":\"https:\/\/dipmission-osce.com\/pl\/\",\"logo\":{\"@type\":\"ImageObject\",\"inLanguage\":\"pl-PL\",\"@id\":\"https:\/\/dipmission-osce.com\/pl\/#\/schema\/logo\/image\/\",\"url\":\"https:\/\/dipmission-osce.com\/wp-content\/uploads\/2025\/07\/featured-image-dipmission-osce.png\",\"contentUrl\":\"https:\/\/dipmission-osce.com\/wp-content\/uploads\/2025\/07\/featured-image-dipmission-osce.png\",\"width\":1200,\"height\":675,\"caption\":\"Dipmission OSCE\"},\"image\":{\"@id\":\"https:\/\/dipmission-osce.com\/pl\/#\/schema\/logo\/image\/\"},\"sameAs\":[\"https:\/\/www.facebook.com\/groups\/1056799551716288\"]},{\"@type\":\"Person\",\"@id\":\"https:\/\/dipmission-osce.com\/pl\/#\/schema\/person\/64ee51e1e4edcd45bfb312fb9c9de2ca\",\"name\":\"admin\",\"image\":{\"@type\":\"ImageObject\",\"inLanguage\":\"pl-PL\",\"@id\":\"https:\/\/dipmission-osce.com\/pl\/#\/schema\/person\/image\/\",\"url\":\"https:\/\/secure.gravatar.com\/avatar\/473f9681549688bcd731b8a9535f18e76c06ab27390be84d91d8917d988d5296?s=96&d=mm&r=g\",\"contentUrl\":\"https:\/\/secure.gravatar.com\/avatar\/473f9681549688bcd731b8a9535f18e76c06ab27390be84d91d8917d988d5296?s=96&d=mm&r=g\",\"caption\":\"admin\"},\"sameAs\":[\"https:\/\/dipmission-osce.com\"]}]}<\/script>\n<!-- \/ Yoast SEO plugin. -->","yoast_head_json":{"title":"We Lwowie rozpocz\u0119\u0142a dzia\u0142alno\u015b\u0107 plac\u00f3wka Mi\u0119dzynarodowej Dyplomatycznej i Humanitarnej Misji OBWE | OSCE IDHM","robots":{"index":"index","follow":"follow","max-snippet":"max-snippet:-1","max-image-preview":"max-image-preview:large","max-video-preview":"max-video-preview:-1"},"canonical":"https:\/\/dipmission-osce.com\/pl\/u-lvovi-startuvala-diyalnist-predstavnycztva-mizhnarodnoyi-dyplomatychnoyi-ta-gumanitarnoyi-misiyi-obsye\/","og_locale":"pl_PL","og_type":"article","og_title":"We Lwowie rozpocz\u0119\u0142a dzia\u0142alno\u015b\u0107 plac\u00f3wka Mi\u0119dzynarodowej Dyplomatycznej i Humanitarnej Misji OBWE | OSCE IDHM","og_description":"Dzia\u0142alno\u015b\u0107 misji rozpocz\u0119\u0142a si\u0119 we wsp\u00f3\u0142pracy z chrze\u015bcija\u0144sk\u0105 kawiarni\u0105 \u201eWitania\u201d, kt\u00f3ra od wielu lat organizuje karmienie potrzebuj\u0105cych. Od tej pory misja r\u00f3wnie\u017c do\u0142\u0105czy\u0142a do tego dobrego przedsi\u0119wzi\u0119cia i rozpocz\u0119\u0142a regularne dostarczanie artyku\u0142\u00f3w spo\u017cywczych. W ka\u017cdy wtorek przy ko\u015bciele \u015bw. W\u0142odzimierza i Olgi odbywa\u0107 si\u0119 b\u0119dzie wydawanie artyku\u0142\u00f3w spo\u017cywczych osobom w trudnej sytuacji materialnej oraz organizacja [&hellip;]","og_url":"https:\/\/dipmission-osce.com\/pl\/u-lvovi-startuvala-diyalnist-predstavnycztva-mizhnarodnoyi-dyplomatychnoyi-ta-gumanitarnoyi-misiyi-obsye\/","og_site_name":"OSCE IDHM","article_publisher":"https:\/\/www.facebook.com\/groups\/1056799551716288","article_published_time":"2025-06-30T20:07:11+00:00","article_modified_time":"2025-09-29T11:16:27+00:00","og_image":[{"width":2560,"height":2202,"url":"https:\/\/dipmission-osce.com\/wp-content\/uploads\/2025\/06\/img_4173-scaled.jpg","type":"image\/jpeg"}],"author":"admin","twitter_card":"summary_large_image","twitter_misc":{"Napisane przez":"admin","Szacowany czas czytania":"3 minuty"},"schema":{"@context":"https:\/\/schema.org","@graph":[{"@type":"Article","@id":"https:\/\/dipmission-osce.com\/pl\/u-lvovi-startuvala-diyalnist-predstavnycztva-mizhnarodnoyi-dyplomatychnoyi-ta-gumanitarnoyi-misiyi-obsye\/#article","isPartOf":{"@id":"https:\/\/dipmission-osce.com\/pl\/u-lvovi-startuvala-diyalnist-predstavnycztva-mizhnarodnoyi-dyplomatychnoyi-ta-gumanitarnoyi-misiyi-obsye\/"},"author":{"name":"admin","@id":"https:\/\/dipmission-osce.com\/pl\/#\/schema\/person\/64ee51e1e4edcd45bfb312fb9c9de2ca"},"headline":"We Lwowie rozpocz\u0119\u0142a dzia\u0142alno\u015b\u0107 plac\u00f3wka Mi\u0119dzynarodowej Dyplomatycznej i Humanitarnej Misji OBWE","datePublished":"2025-06-30T20:07:11+00:00","dateModified":"2025-09-29T11:16:27+00:00","mainEntityOfPage":{"@id":"https:\/\/dipmission-osce.com\/pl\/u-lvovi-startuvala-diyalnist-predstavnycztva-mizhnarodnoyi-dyplomatychnoyi-ta-gumanitarnoyi-misiyi-obsye\/"},"wordCount":196,"commentCount":0,"publisher":{"@id":"https:\/\/dipmission-osce.com\/pl\/#organization"},"image":{"@id":"https:\/\/dipmission-osce.com\/pl\/u-lvovi-startuvala-diyalnist-predstavnycztva-mizhnarodnoyi-dyplomatychnoyi-ta-gumanitarnoyi-misiyi-obsye\/#primaryimage"},"thumbnailUrl":"https:\/\/dipmission-osce.com\/wp-content\/uploads\/2025\/06\/img_4173-scaled.jpg","articleSection":["Wa\u017cny"],"inLanguage":"pl-PL","potentialAction":[{"@type":"CommentAction","name":"Comment","target":["https:\/\/dipmission-osce.com\/pl\/u-lvovi-startuvala-diyalnist-predstavnycztva-mizhnarodnoyi-dyplomatychnoyi-ta-gumanitarnoyi-misiyi-obsye\/#respond"]}]},{"@type":"WebPage","@id":"https:\/\/dipmission-osce.com\/pl\/u-lvovi-startuvala-diyalnist-predstavnycztva-mizhnarodnoyi-dyplomatychnoyi-ta-gumanitarnoyi-misiyi-obsye\/","url":"https:\/\/dipmission-osce.com\/pl\/u-lvovi-startuvala-diyalnist-predstavnycztva-mizhnarodnoyi-dyplomatychnoyi-ta-gumanitarnoyi-misiyi-obsye\/","name":"We Lwowie rozpocz\u0119\u0142a dzia\u0142alno\u015b\u0107 plac\u00f3wka Mi\u0119dzynarodowej Dyplomatycznej i Humanitarnej Misji OBWE | OSCE IDHM","isPartOf":{"@id":"https:\/\/dipmission-osce.com\/pl\/#website"},"primaryImageOfPage":{"@id":"https:\/\/dipmission-osce.com\/pl\/u-lvovi-startuvala-diyalnist-predstavnycztva-mizhnarodnoyi-dyplomatychnoyi-ta-gumanitarnoyi-misiyi-obsye\/#primaryimage"},"image":{"@id":"https:\/\/dipmission-osce.com\/pl\/u-lvovi-startuvala-diyalnist-predstavnycztva-mizhnarodnoyi-dyplomatychnoyi-ta-gumanitarnoyi-misiyi-obsye\/#primaryimage"},"thumbnailUrl":"https:\/\/dipmission-osce.com\/wp-content\/uploads\/2025\/06\/img_4173-scaled.jpg","datePublished":"2025-06-30T20:07:11+00:00","dateModified":"2025-09-29T11:16:27+00:00","breadcrumb":{"@id":"https:\/\/dipmission-osce.com\/pl\/u-lvovi-startuvala-diyalnist-predstavnycztva-mizhnarodnoyi-dyplomatychnoyi-ta-gumanitarnoyi-misiyi-obsye\/#breadcrumb"},"inLanguage":"pl-PL","potentialAction":[{"@type":"ReadAction","target":["https:\/\/dipmission-osce.com\/pl\/u-lvovi-startuvala-diyalnist-predstavnycztva-mizhnarodnoyi-dyplomatychnoyi-ta-gumanitarnoyi-misiyi-obsye\/"]}]},{"@type":"ImageObject","inLanguage":"pl-PL","@id":"https:\/\/dipmission-osce.com\/pl\/u-lvovi-startuvala-diyalnist-predstavnycztva-mizhnarodnoyi-dyplomatychnoyi-ta-gumanitarnoyi-misiyi-obsye\/#primaryimage","url":"https:\/\/dipmission-osce.com\/wp-content\/uploads\/2025\/06\/img_4173-scaled.jpg","contentUrl":"https:\/\/dipmission-osce.com\/wp-content\/uploads\/2025\/06\/img_4173-scaled.jpg","width":2560,"height":2202},{"@type":"BreadcrumbList","@id":"https:\/\/dipmission-osce.com\/pl\/u-lvovi-startuvala-diyalnist-predstavnycztva-mizhnarodnoyi-dyplomatychnoyi-ta-gumanitarnoyi-misiyi-obsye\/#breadcrumb","itemListElement":[{"@type":"ListItem","position":1,"name":"\u0413\u043e\u043b\u043e\u0432\u043d\u0430","item":"https:\/\/dipmission-osce.com\/pl\/"},{"@type":"ListItem","position":2,"name":"We Lwowie rozpocz\u0119\u0142a dzia\u0142alno\u015b\u0107 plac\u00f3wka Mi\u0119dzynarodowej Dyplomatycznej i Humanitarnej Misji OBWE"}]},{"@type":"WebSite","@id":"https:\/\/dipmission-osce.com\/pl\/#website","url":"https:\/\/dipmission-osce.com\/pl\/","name":"OSCE IDHM","description":"Dipmission OSCE","publisher":{"@id":"https:\/\/dipmission-osce.com\/pl\/#organization"},"alternateName":"OSCE IDHM","potentialAction":[{"@type":"SearchAction","target":{"@type":"EntryPoint","urlTemplate":"https:\/\/dipmission-osce.com\/pl\/?s={search_term_string}"},"query-input":{"@type":"PropertyValueSpecification","valueRequired":true,"valueName":"search_term_string"}}],"inLanguage":"pl-PL"},{"@type":"Organization","@id":"https:\/\/dipmission-osce.com\/pl\/#organization","name":"Dipmission OSCE","url":"https:\/\/dipmission-osce.com\/pl\/","logo":{"@type":"ImageObject","inLanguage":"pl-PL","@id":"https:\/\/dipmission-osce.com\/pl\/#\/schema\/logo\/image\/","url":"https:\/\/dipmission-osce.com\/wp-content\/uploads\/2025\/07\/featured-image-dipmission-osce.png","contentUrl":"https:\/\/dipmission-osce.com\/wp-content\/uploads\/2025\/07\/featured-image-dipmission-osce.png","width":1200,"height":675,"caption":"Dipmission OSCE"},"image":{"@id":"https:\/\/dipmission-osce.com\/pl\/#\/schema\/logo\/image\/"},"sameAs":["https:\/\/www.facebook.com\/groups\/1056799551716288"]},{"@type":"Person","@id":"https:\/\/dipmission-osce.com\/pl\/#\/schema\/person\/64ee51e1e4edcd45bfb312fb9c9de2ca","name":"admin","image":{"@type":"ImageObject","inLanguage":"pl-PL","@id":"https:\/\/dipmission-osce.com\/pl\/#\/schema\/person\/image\/","url":"https:\/\/secure.gravatar.com\/avatar\/473f9681549688bcd731b8a9535f18e76c06ab27390be84d91d8917d988d5296?s=96&d=mm&r=g","contentUrl":"https:\/\/secure.gravatar.com\/avatar\/473f9681549688bcd731b8a9535f18e76c06ab27390be84d91d8917d988d5296?s=96&d=mm&r=g","caption":"admin"},"sameAs":["https:\/\/dipmission-osce.com"]}]}},"_links":{"self":[{"href":"https:\/\/dipmission-osce.com\/pl\/wp-json\/wp\/v2\/posts\/1904","targetHints":{"allow":["GET"]}}],"collection":[{"href":"https:\/\/dipmission-osce.com\/pl\/wp-json\/wp\/v2\/posts"}],"about":[{"href":"https:\/\/dipmission-osce.com\/pl\/wp-json\/wp\/v2\/types\/post"}],"author":[{"embeddable":true,"href":"https:\/\/dipmission-osce.com\/pl\/wp-json\/wp\/v2\/users\/1"}],"replies":[{"embeddable":true,"href":"https:\/\/dipmission-osce.com\/pl\/wp-json\/wp\/v2\/comments?post=1904"}],"version-history":[{"count":1,"href":"https:\/\/dipmission-osce.com\/pl\/wp-json\/wp\/v2\/posts\/1904\/revisions"}],"predecessor-version":[{"id":2279,"href":"https:\/\/dipmission-osce.com\/pl\/wp-json\/wp\/v2\/posts\/1904\/revisions\/2279"}],"wp:featuredmedia":[{"embeddable":true,"href":"https:\/\/dipmission-osce.com\/pl\/wp-json\/wp\/v2\/media\/1906"}],"wp:attachment":[{"href":"https:\/\/dipmission-osce.com\/pl\/wp-json\/wp\/v2\/media?parent=1904"}],"wp:term":[{"taxonomy":"category","embeddable":true,"href":"https:\/\/dipmission-osce.com\/pl\/wp-json\/wp\/v2\/categories?post=1904"},{"taxonomy":"post_tag","embeddable":true,"href":"https:\/\/dipmission-osce.com\/pl\/wp-json\/wp\/v2\/tags?post=1904"}],"curies":[{"name":"wp","href":"https:\/\/api.w.org\/{rel}","templated":true}]}}