{"id":1881,"date":"2025-07-15T14:57:10","date_gmt":"2025-07-15T14:57:10","guid":{"rendered":"https:\/\/dipmission-osce.com\/kuratora-misiyi-obsye-nodya-bejlo-nagorodzheno-podyakoyu-gur-za-pidtrymku-zsu\/"},"modified":"2025-09-29T11:22:05","modified_gmt":"2025-09-29T11:22:05","slug":"kuratora-misiyi-obsye-nodya-bejlo-nagorodzheno-podyakoyu-gur-za-pidtrymku-zsu","status":"publish","type":"post","link":"https:\/\/dipmission-osce.com\/pl\/kuratora-misiyi-obsye-nodya-bejlo-nagorodzheno-podyakoyu-gur-za-pidtrymku-zsu\/","title":{"rendered":"Kurator misji OBWE, Nodja Bej\u0142o, zosta\u0142 wyr\u00f3\u017cniony podzi\u0119kowaniem od GUR za wsparcie Si\u0142 Zbrojnych Ukrainy"},"content":{"rendered":"\n<p><strong>Kurator<\/strong> pozarz\u0105dowej organizacji Mi\u0119dzynarodowa Dyplomatyczna Misja Humanitarna OBWE na Ukrainie ds. r<strong>ealizacji projekt\u00f3w humanitarnych we wsp\u00f3\u0142pracy z organami \u015bcigania i Si\u0142ami Zbrojnymi Ukrainy, Nodja Bej\u0142o Zygmundowicz, zosta\u0142 wyr\u00f3\u017cniony podzi\u0119kowaniem od szefa G\u0142\u00f3wnego Zarz\u0105du Wywiadu Ministerstwa Obrony Ukrainy, Kyry\u0142a Budanowa<\/strong>, za istotny wk\u0142ad w wspieranie i wsp\u00f3\u0142prac\u0119 przy udzielaniu pomocy Ukrai\u0144skiej Armii, a tak\u017ce za aktywn\u0105 postaw\u0119 obywatelsk\u0105 w walce o niepodleg\u0142o\u015b\u0107 naszego pa\u0144stwa.<\/p>\n\n\n\n<p>Dzi\u0119kujemy za pomoc w wsp\u00f3lnej sprawie ochrony Ukrainy!<\/p>\n\n\n\n<p><\/p>\n","protected":false},"excerpt":{"rendered":"<p>Kurator pozarz\u0105dowej organizacji Mi\u0119dzynarodowa Dyplomatyczna Misja Humanitarna OBWE na Ukrainie ds. realizacji projekt\u00f3w humanitarnych we wsp\u00f3\u0142pracy z organami \u015bcigania i Si\u0142ami Zbrojnymi Ukrainy, Nodja Bej\u0142o Zygmundowicz, zosta\u0142 wyr\u00f3\u017cniony podzi\u0119kowaniem od szefa G\u0142\u00f3wnego Zarz\u0105du Wywiadu Ministerstwa Obrony Ukrainy, Kyry\u0142a Budanowa, za istotny wk\u0142ad w wspieranie i wsp\u00f3\u0142prac\u0119 przy udzielaniu pomocy Ukrai\u0144skiej Armii, a tak\u017ce za aktywn\u0105 [&hellip;]<\/p>\n","protected":false},"author":1,"featured_media":1882,"comment_status":"open","ping_status":"open","sticky":false,"template":"","format":"standard","meta":{"inline_featured_image":false,"footnotes":""},"categories":[12],"tags":[],"class_list":["post-1881","post","type-post","status-publish","format-standard","has-post-thumbnail","hentry","category-bez-kategorii"],"acf":[],"yoast_head":"<!-- This site is optimized with the Yoast SEO plugin v25.6 - https:\/\/yoast.com\/wordpress\/plugins\/seo\/ -->\n<title>Kurator misji OBWE, Nodja Bej\u0142o, zosta\u0142 wyr\u00f3\u017cniony podzi\u0119kowaniem od GUR za wsparcie Si\u0142 Zbrojnych Ukrainy | OSCE IDHM<\/title>\n<meta name=\"robots\" content=\"index, follow, max-snippet:-1, max-image-preview:large, max-video-preview:-1\" \/>\n<link rel=\"canonical\" href=\"https:\/\/dipmission-osce.com\/pl\/kuratora-misiyi-obsye-nodya-bejlo-nagorodzheno-podyakoyu-gur-za-pidtrymku-zsu\/\" \/>\n<meta property=\"og:locale\" content=\"pl_PL\" \/>\n<meta property=\"og:type\" content=\"article\" \/>\n<meta property=\"og:title\" content=\"Kurator misji OBWE, Nodja Bej\u0142o, zosta\u0142 wyr\u00f3\u017cniony podzi\u0119kowaniem od GUR za wsparcie Si\u0142 Zbrojnych Ukrainy | OSCE IDHM\" \/>\n<meta property=\"og:description\" content=\"Kurator pozarz\u0105dowej organizacji Mi\u0119dzynarodowa Dyplomatyczna Misja Humanitarna OBWE na Ukrainie ds. realizacji projekt\u00f3w humanitarnych we wsp\u00f3\u0142pracy z organami \u015bcigania i Si\u0142ami Zbrojnymi Ukrainy, Nodja Bej\u0142o Zygmundowicz, zosta\u0142 wyr\u00f3\u017cniony podzi\u0119kowaniem od szefa G\u0142\u00f3wnego Zarz\u0105du Wywiadu Ministerstwa Obrony Ukrainy, Kyry\u0142a Budanowa, za istotny wk\u0142ad w wspieranie i wsp\u00f3\u0142prac\u0119 przy udzielaniu pomocy Ukrai\u0144skiej Armii, a tak\u017ce za aktywn\u0105 [&hellip;]\" \/>\n<meta property=\"og:url\" content=\"https:\/\/dipmission-osce.com\/pl\/kuratora-misiyi-obsye-nodya-bejlo-nagorodzheno-podyakoyu-gur-za-pidtrymku-zsu\/\" \/>\n<meta property=\"og:site_name\" content=\"OSCE IDHM\" \/>\n<meta property=\"article:publisher\" content=\"https:\/\/www.facebook.com\/groups\/1056799551716288\" \/>\n<meta property=\"article:published_time\" content=\"2025-07-15T14:57:10+00:00\" \/>\n<meta property=\"article:modified_time\" content=\"2025-09-29T11:22:05+00:00\" \/>\n<meta property=\"og:image\" content=\"https:\/\/dipmission-osce.com\/wp-content\/uploads\/2025\/07\/0429f7e2-3a41-43f7-b2bf-fd53725937b1.jpeg\" \/>\n\t<meta property=\"og:image:width\" content=\"960\" \/>\n\t<meta property=\"og:image:height\" content=\"1280\" \/>\n\t<meta property=\"og:image:type\" content=\"image\/jpeg\" \/>\n<meta name=\"author\" content=\"admin\" \/>\n<meta name=\"twitter:card\" content=\"summary_large_image\" \/>\n<meta name=\"twitter:label1\" content=\"Napisane przez\" \/>\n\t<meta name=\"twitter:data1\" content=\"admin\" \/>\n\t<meta name=\"twitter:label2\" content=\"Szacowany czas czytania\" \/>\n\t<meta name=\"twitter:data2\" content=\"1 minuta\" \/>\n<script type=\"application\/ld+json\" class=\"yoast-schema-graph\">{\"@context\":\"https:\/\/schema.org\",\"@graph\":[{\"@type\":\"Article\",\"@id\":\"https:\/\/dipmission-osce.com\/pl\/kuratora-misiyi-obsye-nodya-bejlo-nagorodzheno-podyakoyu-gur-za-pidtrymku-zsu\/#article\",\"isPartOf\":{\"@id\":\"https:\/\/dipmission-osce.com\/pl\/kuratora-misiyi-obsye-nodya-bejlo-nagorodzheno-podyakoyu-gur-za-pidtrymku-zsu\/\"},\"author\":{\"name\":\"admin\",\"@id\":\"https:\/\/dipmission-osce.com\/pl\/#\/schema\/person\/64ee51e1e4edcd45bfb312fb9c9de2ca\"},\"headline\":\"Kurator misji OBWE, Nodja Bej\u0142o, zosta\u0142 wyr\u00f3\u017cniony podzi\u0119kowaniem od GUR za wsparcie Si\u0142 Zbrojnych Ukrainy\",\"datePublished\":\"2025-07-15T14:57:10+00:00\",\"dateModified\":\"2025-09-29T11:22:05+00:00\",\"mainEntityOfPage\":{\"@id\":\"https:\/\/dipmission-osce.com\/pl\/kuratora-misiyi-obsye-nodya-bejlo-nagorodzheno-podyakoyu-gur-za-pidtrymku-zsu\/\"},\"wordCount\":108,\"commentCount\":0,\"publisher\":{\"@id\":\"https:\/\/dipmission-osce.com\/pl\/#organization\"},\"image\":{\"@id\":\"https:\/\/dipmission-osce.com\/pl\/kuratora-misiyi-obsye-nodya-bejlo-nagorodzheno-podyakoyu-gur-za-pidtrymku-zsu\/#primaryimage\"},\"thumbnailUrl\":\"https:\/\/dipmission-osce.com\/wp-content\/uploads\/2025\/07\/0429f7e2-3a41-43f7-b2bf-fd53725937b1.jpeg\",\"articleSection\":[\"Wa\u017cny\"],\"inLanguage\":\"pl-PL\",\"potentialAction\":[{\"@type\":\"CommentAction\",\"name\":\"Comment\",\"target\":[\"https:\/\/dipmission-osce.com\/pl\/kuratora-misiyi-obsye-nodya-bejlo-nagorodzheno-podyakoyu-gur-za-pidtrymku-zsu\/#respond\"]}]},{\"@type\":\"WebPage\",\"@id\":\"https:\/\/dipmission-osce.com\/pl\/kuratora-misiyi-obsye-nodya-bejlo-nagorodzheno-podyakoyu-gur-za-pidtrymku-zsu\/\",\"url\":\"https:\/\/dipmission-osce.com\/pl\/kuratora-misiyi-obsye-nodya-bejlo-nagorodzheno-podyakoyu-gur-za-pidtrymku-zsu\/\",\"name\":\"Kurator misji OBWE, Nodja Bej\u0142o, zosta\u0142 wyr\u00f3\u017cniony podzi\u0119kowaniem od GUR za wsparcie Si\u0142 Zbrojnych Ukrainy | OSCE IDHM\",\"isPartOf\":{\"@id\":\"https:\/\/dipmission-osce.com\/pl\/#website\"},\"primaryImageOfPage\":{\"@id\":\"https:\/\/dipmission-osce.com\/pl\/kuratora-misiyi-obsye-nodya-bejlo-nagorodzheno-podyakoyu-gur-za-pidtrymku-zsu\/#primaryimage\"},\"image\":{\"@id\":\"https:\/\/dipmission-osce.com\/pl\/kuratora-misiyi-obsye-nodya-bejlo-nagorodzheno-podyakoyu-gur-za-pidtrymku-zsu\/#primaryimage\"},\"thumbnailUrl\":\"https:\/\/dipmission-osce.com\/wp-content\/uploads\/2025\/07\/0429f7e2-3a41-43f7-b2bf-fd53725937b1.jpeg\",\"datePublished\":\"2025-07-15T14:57:10+00:00\",\"dateModified\":\"2025-09-29T11:22:05+00:00\",\"breadcrumb\":{\"@id\":\"https:\/\/dipmission-osce.com\/pl\/kuratora-misiyi-obsye-nodya-bejlo-nagorodzheno-podyakoyu-gur-za-pidtrymku-zsu\/#breadcrumb\"},\"inLanguage\":\"pl-PL\",\"potentialAction\":[{\"@type\":\"ReadAction\",\"target\":[\"https:\/\/dipmission-osce.com\/pl\/kuratora-misiyi-obsye-nodya-bejlo-nagorodzheno-podyakoyu-gur-za-pidtrymku-zsu\/\"]}]},{\"@type\":\"ImageObject\",\"inLanguage\":\"pl-PL\",\"@id\":\"https:\/\/dipmission-osce.com\/pl\/kuratora-misiyi-obsye-nodya-bejlo-nagorodzheno-podyakoyu-gur-za-pidtrymku-zsu\/#primaryimage\",\"url\":\"https:\/\/dipmission-osce.com\/wp-content\/uploads\/2025\/07\/0429f7e2-3a41-43f7-b2bf-fd53725937b1.jpeg\",\"contentUrl\":\"https:\/\/dipmission-osce.com\/wp-content\/uploads\/2025\/07\/0429f7e2-3a41-43f7-b2bf-fd53725937b1.jpeg\",\"width\":960,\"height\":1280},{\"@type\":\"BreadcrumbList\",\"@id\":\"https:\/\/dipmission-osce.com\/pl\/kuratora-misiyi-obsye-nodya-bejlo-nagorodzheno-podyakoyu-gur-za-pidtrymku-zsu\/#breadcrumb\",\"itemListElement\":[{\"@type\":\"ListItem\",\"position\":1,\"name\":\"\u0413\u043e\u043b\u043e\u0432\u043d\u0430\",\"item\":\"https:\/\/dipmission-osce.com\/pl\/\"},{\"@type\":\"ListItem\",\"position\":2,\"name\":\"Kurator misji OBWE, Nodja Bej\u0142o, zosta\u0142 wyr\u00f3\u017cniony podzi\u0119kowaniem od GUR za wsparcie Si\u0142 Zbrojnych Ukrainy\"}]},{\"@type\":\"WebSite\",\"@id\":\"https:\/\/dipmission-osce.com\/pl\/#website\",\"url\":\"https:\/\/dipmission-osce.com\/pl\/\",\"name\":\"OSCE IDHM\",\"description\":\"Dipmission OSCE\",\"publisher\":{\"@id\":\"https:\/\/dipmission-osce.com\/pl\/#organization\"},\"alternateName\":\"OSCE IDHM\",\"potentialAction\":[{\"@type\":\"SearchAction\",\"target\":{\"@type\":\"EntryPoint\",\"urlTemplate\":\"https:\/\/dipmission-osce.com\/pl\/?s={search_term_string}\"},\"query-input\":{\"@type\":\"PropertyValueSpecification\",\"valueRequired\":true,\"valueName\":\"search_term_string\"}}],\"inLanguage\":\"pl-PL\"},{\"@type\":\"Organization\",\"@id\":\"https:\/\/dipmission-osce.com\/pl\/#organization\",\"name\":\"Dipmission OSCE\",\"url\":\"https:\/\/dipmission-osce.com\/pl\/\",\"logo\":{\"@type\":\"ImageObject\",\"inLanguage\":\"pl-PL\",\"@id\":\"https:\/\/dipmission-osce.com\/pl\/#\/schema\/logo\/image\/\",\"url\":\"https:\/\/dipmission-osce.com\/wp-content\/uploads\/2025\/07\/featured-image-dipmission-osce.png\",\"contentUrl\":\"https:\/\/dipmission-osce.com\/wp-content\/uploads\/2025\/07\/featured-image-dipmission-osce.png\",\"width\":1200,\"height\":675,\"caption\":\"Dipmission OSCE\"},\"image\":{\"@id\":\"https:\/\/dipmission-osce.com\/pl\/#\/schema\/logo\/image\/\"},\"sameAs\":[\"https:\/\/www.facebook.com\/groups\/1056799551716288\"]},{\"@type\":\"Person\",\"@id\":\"https:\/\/dipmission-osce.com\/pl\/#\/schema\/person\/64ee51e1e4edcd45bfb312fb9c9de2ca\",\"name\":\"admin\",\"image\":{\"@type\":\"ImageObject\",\"inLanguage\":\"pl-PL\",\"@id\":\"https:\/\/dipmission-osce.com\/pl\/#\/schema\/person\/image\/\",\"url\":\"https:\/\/secure.gravatar.com\/avatar\/473f9681549688bcd731b8a9535f18e76c06ab27390be84d91d8917d988d5296?s=96&d=mm&r=g\",\"contentUrl\":\"https:\/\/secure.gravatar.com\/avatar\/473f9681549688bcd731b8a9535f18e76c06ab27390be84d91d8917d988d5296?s=96&d=mm&r=g\",\"caption\":\"admin\"},\"sameAs\":[\"https:\/\/dipmission-osce.com\"]}]}<\/script>\n<!-- \/ Yoast SEO plugin. -->","yoast_head_json":{"title":"Kurator misji OBWE, Nodja Bej\u0142o, zosta\u0142 wyr\u00f3\u017cniony podzi\u0119kowaniem od GUR za wsparcie Si\u0142 Zbrojnych Ukrainy | OSCE IDHM","robots":{"index":"index","follow":"follow","max-snippet":"max-snippet:-1","max-image-preview":"max-image-preview:large","max-video-preview":"max-video-preview:-1"},"canonical":"https:\/\/dipmission-osce.com\/pl\/kuratora-misiyi-obsye-nodya-bejlo-nagorodzheno-podyakoyu-gur-za-pidtrymku-zsu\/","og_locale":"pl_PL","og_type":"article","og_title":"Kurator misji OBWE, Nodja Bej\u0142o, zosta\u0142 wyr\u00f3\u017cniony podzi\u0119kowaniem od GUR za wsparcie Si\u0142 Zbrojnych Ukrainy | OSCE IDHM","og_description":"Kurator pozarz\u0105dowej organizacji Mi\u0119dzynarodowa Dyplomatyczna Misja Humanitarna OBWE na Ukrainie ds. realizacji projekt\u00f3w humanitarnych we wsp\u00f3\u0142pracy z organami \u015bcigania i Si\u0142ami Zbrojnymi Ukrainy, Nodja Bej\u0142o Zygmundowicz, zosta\u0142 wyr\u00f3\u017cniony podzi\u0119kowaniem od szefa G\u0142\u00f3wnego Zarz\u0105du Wywiadu Ministerstwa Obrony Ukrainy, Kyry\u0142a Budanowa, za istotny wk\u0142ad w wspieranie i wsp\u00f3\u0142prac\u0119 przy udzielaniu pomocy Ukrai\u0144skiej Armii, a tak\u017ce za aktywn\u0105 [&hellip;]","og_url":"https:\/\/dipmission-osce.com\/pl\/kuratora-misiyi-obsye-nodya-bejlo-nagorodzheno-podyakoyu-gur-za-pidtrymku-zsu\/","og_site_name":"OSCE IDHM","article_publisher":"https:\/\/www.facebook.com\/groups\/1056799551716288","article_published_time":"2025-07-15T14:57:10+00:00","article_modified_time":"2025-09-29T11:22:05+00:00","og_image":[{"width":960,"height":1280,"url":"https:\/\/dipmission-osce.com\/wp-content\/uploads\/2025\/07\/0429f7e2-3a41-43f7-b2bf-fd53725937b1.jpeg","type":"image\/jpeg"}],"author":"admin","twitter_card":"summary_large_image","twitter_misc":{"Napisane przez":"admin","Szacowany czas czytania":"1 minuta"},"schema":{"@context":"https:\/\/schema.org","@graph":[{"@type":"Article","@id":"https:\/\/dipmission-osce.com\/pl\/kuratora-misiyi-obsye-nodya-bejlo-nagorodzheno-podyakoyu-gur-za-pidtrymku-zsu\/#article","isPartOf":{"@id":"https:\/\/dipmission-osce.com\/pl\/kuratora-misiyi-obsye-nodya-bejlo-nagorodzheno-podyakoyu-gur-za-pidtrymku-zsu\/"},"author":{"name":"admin","@id":"https:\/\/dipmission-osce.com\/pl\/#\/schema\/person\/64ee51e1e4edcd45bfb312fb9c9de2ca"},"headline":"Kurator misji OBWE, Nodja Bej\u0142o, zosta\u0142 wyr\u00f3\u017cniony podzi\u0119kowaniem od GUR za wsparcie Si\u0142 Zbrojnych Ukrainy","datePublished":"2025-07-15T14:57:10+00:00","dateModified":"2025-09-29T11:22:05+00:00","mainEntityOfPage":{"@id":"https:\/\/dipmission-osce.com\/pl\/kuratora-misiyi-obsye-nodya-bejlo-nagorodzheno-podyakoyu-gur-za-pidtrymku-zsu\/"},"wordCount":108,"commentCount":0,"publisher":{"@id":"https:\/\/dipmission-osce.com\/pl\/#organization"},"image":{"@id":"https:\/\/dipmission-osce.com\/pl\/kuratora-misiyi-obsye-nodya-bejlo-nagorodzheno-podyakoyu-gur-za-pidtrymku-zsu\/#primaryimage"},"thumbnailUrl":"https:\/\/dipmission-osce.com\/wp-content\/uploads\/2025\/07\/0429f7e2-3a41-43f7-b2bf-fd53725937b1.jpeg","articleSection":["Wa\u017cny"],"inLanguage":"pl-PL","potentialAction":[{"@type":"CommentAction","name":"Comment","target":["https:\/\/dipmission-osce.com\/pl\/kuratora-misiyi-obsye-nodya-bejlo-nagorodzheno-podyakoyu-gur-za-pidtrymku-zsu\/#respond"]}]},{"@type":"WebPage","@id":"https:\/\/dipmission-osce.com\/pl\/kuratora-misiyi-obsye-nodya-bejlo-nagorodzheno-podyakoyu-gur-za-pidtrymku-zsu\/","url":"https:\/\/dipmission-osce.com\/pl\/kuratora-misiyi-obsye-nodya-bejlo-nagorodzheno-podyakoyu-gur-za-pidtrymku-zsu\/","name":"Kurator misji OBWE, Nodja Bej\u0142o, zosta\u0142 wyr\u00f3\u017cniony podzi\u0119kowaniem od GUR za wsparcie Si\u0142 Zbrojnych Ukrainy | OSCE IDHM","isPartOf":{"@id":"https:\/\/dipmission-osce.com\/pl\/#website"},"primaryImageOfPage":{"@id":"https:\/\/dipmission-osce.com\/pl\/kuratora-misiyi-obsye-nodya-bejlo-nagorodzheno-podyakoyu-gur-za-pidtrymku-zsu\/#primaryimage"},"image":{"@id":"https:\/\/dipmission-osce.com\/pl\/kuratora-misiyi-obsye-nodya-bejlo-nagorodzheno-podyakoyu-gur-za-pidtrymku-zsu\/#primaryimage"},"thumbnailUrl":"https:\/\/dipmission-osce.com\/wp-content\/uploads\/2025\/07\/0429f7e2-3a41-43f7-b2bf-fd53725937b1.jpeg","datePublished":"2025-07-15T14:57:10+00:00","dateModified":"2025-09-29T11:22:05+00:00","breadcrumb":{"@id":"https:\/\/dipmission-osce.com\/pl\/kuratora-misiyi-obsye-nodya-bejlo-nagorodzheno-podyakoyu-gur-za-pidtrymku-zsu\/#breadcrumb"},"inLanguage":"pl-PL","potentialAction":[{"@type":"ReadAction","target":["https:\/\/dipmission-osce.com\/pl\/kuratora-misiyi-obsye-nodya-bejlo-nagorodzheno-podyakoyu-gur-za-pidtrymku-zsu\/"]}]},{"@type":"ImageObject","inLanguage":"pl-PL","@id":"https:\/\/dipmission-osce.com\/pl\/kuratora-misiyi-obsye-nodya-bejlo-nagorodzheno-podyakoyu-gur-za-pidtrymku-zsu\/#primaryimage","url":"https:\/\/dipmission-osce.com\/wp-content\/uploads\/2025\/07\/0429f7e2-3a41-43f7-b2bf-fd53725937b1.jpeg","contentUrl":"https:\/\/dipmission-osce.com\/wp-content\/uploads\/2025\/07\/0429f7e2-3a41-43f7-b2bf-fd53725937b1.jpeg","width":960,"height":1280},{"@type":"BreadcrumbList","@id":"https:\/\/dipmission-osce.com\/pl\/kuratora-misiyi-obsye-nodya-bejlo-nagorodzheno-podyakoyu-gur-za-pidtrymku-zsu\/#breadcrumb","itemListElement":[{"@type":"ListItem","position":1,"name":"\u0413\u043e\u043b\u043e\u0432\u043d\u0430","item":"https:\/\/dipmission-osce.com\/pl\/"},{"@type":"ListItem","position":2,"name":"Kurator misji OBWE, Nodja Bej\u0142o, zosta\u0142 wyr\u00f3\u017cniony podzi\u0119kowaniem od GUR za wsparcie Si\u0142 Zbrojnych Ukrainy"}]},{"@type":"WebSite","@id":"https:\/\/dipmission-osce.com\/pl\/#website","url":"https:\/\/dipmission-osce.com\/pl\/","name":"OSCE IDHM","description":"Dipmission OSCE","publisher":{"@id":"https:\/\/dipmission-osce.com\/pl\/#organization"},"alternateName":"OSCE IDHM","potentialAction":[{"@type":"SearchAction","target":{"@type":"EntryPoint","urlTemplate":"https:\/\/dipmission-osce.com\/pl\/?s={search_term_string}"},"query-input":{"@type":"PropertyValueSpecification","valueRequired":true,"valueName":"search_term_string"}}],"inLanguage":"pl-PL"},{"@type":"Organization","@id":"https:\/\/dipmission-osce.com\/pl\/#organization","name":"Dipmission OSCE","url":"https:\/\/dipmission-osce.com\/pl\/","logo":{"@type":"ImageObject","inLanguage":"pl-PL","@id":"https:\/\/dipmission-osce.com\/pl\/#\/schema\/logo\/image\/","url":"https:\/\/dipmission-osce.com\/wp-content\/uploads\/2025\/07\/featured-image-dipmission-osce.png","contentUrl":"https:\/\/dipmission-osce.com\/wp-content\/uploads\/2025\/07\/featured-image-dipmission-osce.png","width":1200,"height":675,"caption":"Dipmission OSCE"},"image":{"@id":"https:\/\/dipmission-osce.com\/pl\/#\/schema\/logo\/image\/"},"sameAs":["https:\/\/www.facebook.com\/groups\/1056799551716288"]},{"@type":"Person","@id":"https:\/\/dipmission-osce.com\/pl\/#\/schema\/person\/64ee51e1e4edcd45bfb312fb9c9de2ca","name":"admin","image":{"@type":"ImageObject","inLanguage":"pl-PL","@id":"https:\/\/dipmission-osce.com\/pl\/#\/schema\/person\/image\/","url":"https:\/\/secure.gravatar.com\/avatar\/473f9681549688bcd731b8a9535f18e76c06ab27390be84d91d8917d988d5296?s=96&d=mm&r=g","contentUrl":"https:\/\/secure.gravatar.com\/avatar\/473f9681549688bcd731b8a9535f18e76c06ab27390be84d91d8917d988d5296?s=96&d=mm&r=g","caption":"admin"},"sameAs":["https:\/\/dipmission-osce.com"]}]}},"_links":{"self":[{"href":"https:\/\/dipmission-osce.com\/pl\/wp-json\/wp\/v2\/posts\/1881","targetHints":{"allow":["GET"]}}],"collection":[{"href":"https:\/\/dipmission-osce.com\/pl\/wp-json\/wp\/v2\/posts"}],"about":[{"href":"https:\/\/dipmission-osce.com\/pl\/wp-json\/wp\/v2\/types\/post"}],"author":[{"embeddable":true,"href":"https:\/\/dipmission-osce.com\/pl\/wp-json\/wp\/v2\/users\/1"}],"replies":[{"embeddable":true,"href":"https:\/\/dipmission-osce.com\/pl\/wp-json\/wp\/v2\/comments?post=1881"}],"version-history":[{"count":1,"href":"https:\/\/dipmission-osce.com\/pl\/wp-json\/wp\/v2\/posts\/1881\/revisions"}],"predecessor-version":[{"id":2287,"href":"https:\/\/dipmission-osce.com\/pl\/wp-json\/wp\/v2\/posts\/1881\/revisions\/2287"}],"wp:featuredmedia":[{"embeddable":true,"href":"https:\/\/dipmission-osce.com\/pl\/wp-json\/wp\/v2\/media\/1882"}],"wp:attachment":[{"href":"https:\/\/dipmission-osce.com\/pl\/wp-json\/wp\/v2\/media?parent=1881"}],"wp:term":[{"taxonomy":"category","embeddable":true,"href":"https:\/\/dipmission-osce.com\/pl\/wp-json\/wp\/v2\/categories?post=1881"},{"taxonomy":"post_tag","embeddable":true,"href":"https:\/\/dipmission-osce.com\/pl\/wp-json\/wp\/v2\/tags?post=1881"}],"curies":[{"name":"wp","href":"https:\/\/api.w.org\/{rel}","templated":true}]}}