{"id":2009,"date":"2023-04-23T08:58:00","date_gmt":"2023-04-23T08:58:00","guid":{"rendered":"https:\/\/dipmission-osce.com\/obsye-zaklykaye-2\/"},"modified":"2025-11-06T19:18:29","modified_gmt":"2025-11-06T19:18:29","slug":"obsye-zaklykaye-2","status":"publish","type":"post","link":"https:\/\/dipmission-osce.com\/cs\/obsye-zaklykaye-2\/","title":{"rendered":"Humanit\u00e1rn\u00ed mise OBSE p\u0159edstavila italsko-ukrajinsk\u00fd logistick\u00fd projekt na konferenci o obnov\u011b Ukrajiny"},"content":{"rendered":"\n<p>Z\u00e1stupce nevl\u00e1dn\u00ed organizace \u201eMezin\u00e1rodn\u00ed diplomatick\u00e1 humanit\u00e1rn\u00ed mise\u201c OBSE \u2013 Ihor Bo\u010dan, v\u010dera p\u0159edstavil jeden z prvn\u00edch spole\u010dn\u00fdch italsko-ukrajinsk\u00fdch projekt\u016f na konferenci o obnov\u011b Ukrajiny.<\/p>\n\n\n\n<p>Projekt pom\u016f\u017ee vytvo\u0159it logistickou platformu, kter\u00e1 propoj\u00ed Ukrajinu po zemi s intermod\u00e1ln\u00edm p\u0159\u00edstavem Quadrante Europa ve Veron\u011b.<\/p>\n\n\n\n<p>Interport Quadrante Europa ve Veron\u011b je nejv\u011bt\u0161\u00edm logistick\u00fdm oper\u00e1torem a dopravn\u00edm uzlem v It\u00e1lii, p\u0159edstavuje cel\u00fd integrovan\u00fd syst\u00e9m logistick\u00fdch spole\u010dnost\u00ed.<\/p>\n\n\n\n<p>V\u011b\u0159\u00edme, \u017ee tento krok se stane dobr\u00fdm za\u010d\u00e1tkem a p\u0159\u00edkladem pro dal\u0161\u00ed iniciativy.<\/p>\n\n\n\n<p>Zvl\u00e1\u0161tn\u00ed pod\u011bkov\u00e1n\u00ed pat\u0159\u00ed Ministerstvu zahrani\u010dn\u00edch v\u011bc\u00ed Ukrajiny od p\u0159edsedy diplomatick\u00e9 mise \u2013 Petra \u0160pugany\u010de, za organizaci a podporu tohoto pracovn\u00edho setk\u00e1n\u00ed!<\/p>\n","protected":false},"excerpt":{"rendered":"<p>Z\u00e1stupce nevl\u00e1dn\u00ed organizace \u201eMezin\u00e1rodn\u00ed diplomatick\u00e1 humanit\u00e1rn\u00ed mise\u201c OBSE \u2013 Ihor Bo\u010dan, v\u010dera p\u0159edstavil jeden z prvn\u00edch spole\u010dn\u00fdch italsko-ukrajinsk\u00fdch projekt\u016f na konferenci o obnov\u011b Ukrajiny. Projekt pom\u016f\u017ee vytvo\u0159it logistickou platformu, kter\u00e1 propoj\u00ed Ukrajinu po zemi s intermod\u00e1ln\u00edm p\u0159\u00edstavem Quadrante Europa ve Veron\u011b. Interport Quadrante Europa ve Veron\u011b je nejv\u011bt\u0161\u00edm logistick\u00fdm oper\u00e1torem a dopravn\u00edm uzlem v It\u00e1lii, [&hellip;]<\/p>\n","protected":false},"author":1,"featured_media":2011,"comment_status":"open","ping_status":"open","sticky":false,"template":"","format":"standard","meta":{"inline_featured_image":false,"footnotes":""},"categories":[11],"tags":[],"class_list":["post-2009","post","type-post","status-publish","format-standard","has-post-thumbnail","hentry","category-bez-kategoriyi"],"acf":[],"yoast_head":"<!-- This site is optimized with the Yoast SEO plugin v25.6 - https:\/\/yoast.com\/wordpress\/plugins\/seo\/ -->\n<title>Humanit\u00e1rn\u00ed mise OBSE p\u0159edstavila italsko-ukrajinsk\u00fd logistick\u00fd projekt na konferenci o obnov\u011b Ukrajiny | OSCE IDHM<\/title>\n<meta name=\"robots\" content=\"index, follow, max-snippet:-1, max-image-preview:large, max-video-preview:-1\" \/>\n<link rel=\"canonical\" href=\"https:\/\/dipmission-osce.com\/cs\/obsye-zaklykaye-2\/\" \/>\n<meta property=\"og:locale\" content=\"cs_CZ\" \/>\n<meta property=\"og:type\" content=\"article\" \/>\n<meta property=\"og:title\" content=\"Humanit\u00e1rn\u00ed mise OBSE p\u0159edstavila italsko-ukrajinsk\u00fd logistick\u00fd projekt na konferenci o obnov\u011b Ukrajiny | OSCE IDHM\" \/>\n<meta property=\"og:description\" content=\"Z\u00e1stupce nevl\u00e1dn\u00ed organizace \u201eMezin\u00e1rodn\u00ed diplomatick\u00e1 humanit\u00e1rn\u00ed mise\u201c OBSE \u2013 Ihor Bo\u010dan, v\u010dera p\u0159edstavil jeden z prvn\u00edch spole\u010dn\u00fdch italsko-ukrajinsk\u00fdch projekt\u016f na konferenci o obnov\u011b Ukrajiny. Projekt pom\u016f\u017ee vytvo\u0159it logistickou platformu, kter\u00e1 propoj\u00ed Ukrajinu po zemi s intermod\u00e1ln\u00edm p\u0159\u00edstavem Quadrante Europa ve Veron\u011b. Interport Quadrante Europa ve Veron\u011b je nejv\u011bt\u0161\u00edm logistick\u00fdm oper\u00e1torem a dopravn\u00edm uzlem v It\u00e1lii, [&hellip;]\" \/>\n<meta property=\"og:url\" content=\"https:\/\/dipmission-osce.com\/cs\/obsye-zaklykaye-2\/\" \/>\n<meta property=\"og:site_name\" content=\"OSCE IDHM\" \/>\n<meta property=\"article:publisher\" content=\"https:\/\/www.facebook.com\/groups\/1056799551716288\" \/>\n<meta property=\"article:published_time\" content=\"2023-04-23T08:58:00+00:00\" \/>\n<meta property=\"article:modified_time\" content=\"2025-11-06T19:18:29+00:00\" \/>\n<meta property=\"og:image\" content=\"https:\/\/dipmission-osce.com\/wp-content\/uploads\/2025\/03\/343800373_630308005196706_5777792000677938246_n.jpg\" \/>\n\t<meta property=\"og:image:width\" content=\"720\" \/>\n\t<meta property=\"og:image:height\" content=\"535\" \/>\n\t<meta property=\"og:image:type\" content=\"image\/jpeg\" \/>\n<meta name=\"author\" content=\"admin\" \/>\n<meta name=\"twitter:card\" content=\"summary_large_image\" \/>\n<meta name=\"twitter:label1\" content=\"Napsal(a)\" \/>\n\t<meta name=\"twitter:data1\" content=\"admin\" \/>\n\t<meta name=\"twitter:label2\" content=\"Odhadovan\u00e1 doba \u010dten\u00ed\" \/>\n\t<meta name=\"twitter:data2\" content=\"1 minuta\" \/>\n<script type=\"application\/ld+json\" class=\"yoast-schema-graph\">{\"@context\":\"https:\/\/schema.org\",\"@graph\":[{\"@type\":\"Article\",\"@id\":\"https:\/\/dipmission-osce.com\/cs\/obsye-zaklykaye-2\/#article\",\"isPartOf\":{\"@id\":\"https:\/\/dipmission-osce.com\/cs\/obsye-zaklykaye-2\/\"},\"author\":{\"name\":\"admin\",\"@id\":\"https:\/\/dipmission-osce.com\/cs\/#\/schema\/person\/64ee51e1e4edcd45bfb312fb9c9de2ca\"},\"headline\":\"Humanit\u00e1rn\u00ed mise OBSE p\u0159edstavila italsko-ukrajinsk\u00fd logistick\u00fd projekt na konferenci o obnov\u011b Ukrajiny\",\"datePublished\":\"2023-04-23T08:58:00+00:00\",\"dateModified\":\"2025-11-06T19:18:29+00:00\",\"mainEntityOfPage\":{\"@id\":\"https:\/\/dipmission-osce.com\/cs\/obsye-zaklykaye-2\/\"},\"wordCount\":147,\"commentCount\":0,\"publisher\":{\"@id\":\"https:\/\/dipmission-osce.com\/cs\/#organization\"},\"image\":{\"@id\":\"https:\/\/dipmission-osce.com\/cs\/obsye-zaklykaye-2\/#primaryimage\"},\"thumbnailUrl\":\"https:\/\/dipmission-osce.com\/wp-content\/uploads\/2025\/03\/343800373_630308005196706_5777792000677938246_n.jpg\",\"articleSection\":[\"D\u016fle\u017eit\u00e9\"],\"inLanguage\":\"cs\",\"potentialAction\":[{\"@type\":\"CommentAction\",\"name\":\"Comment\",\"target\":[\"https:\/\/dipmission-osce.com\/cs\/obsye-zaklykaye-2\/#respond\"]}]},{\"@type\":\"WebPage\",\"@id\":\"https:\/\/dipmission-osce.com\/cs\/obsye-zaklykaye-2\/\",\"url\":\"https:\/\/dipmission-osce.com\/cs\/obsye-zaklykaye-2\/\",\"name\":\"Humanit\u00e1rn\u00ed mise OBSE p\u0159edstavila italsko-ukrajinsk\u00fd logistick\u00fd projekt na konferenci o obnov\u011b Ukrajiny | OSCE IDHM\",\"isPartOf\":{\"@id\":\"https:\/\/dipmission-osce.com\/cs\/#website\"},\"primaryImageOfPage\":{\"@id\":\"https:\/\/dipmission-osce.com\/cs\/obsye-zaklykaye-2\/#primaryimage\"},\"image\":{\"@id\":\"https:\/\/dipmission-osce.com\/cs\/obsye-zaklykaye-2\/#primaryimage\"},\"thumbnailUrl\":\"https:\/\/dipmission-osce.com\/wp-content\/uploads\/2025\/03\/343800373_630308005196706_5777792000677938246_n.jpg\",\"datePublished\":\"2023-04-23T08:58:00+00:00\",\"dateModified\":\"2025-11-06T19:18:29+00:00\",\"breadcrumb\":{\"@id\":\"https:\/\/dipmission-osce.com\/cs\/obsye-zaklykaye-2\/#breadcrumb\"},\"inLanguage\":\"cs\",\"potentialAction\":[{\"@type\":\"ReadAction\",\"target\":[\"https:\/\/dipmission-osce.com\/cs\/obsye-zaklykaye-2\/\"]}]},{\"@type\":\"ImageObject\",\"inLanguage\":\"cs\",\"@id\":\"https:\/\/dipmission-osce.com\/cs\/obsye-zaklykaye-2\/#primaryimage\",\"url\":\"https:\/\/dipmission-osce.com\/wp-content\/uploads\/2025\/03\/343800373_630308005196706_5777792000677938246_n.jpg\",\"contentUrl\":\"https:\/\/dipmission-osce.com\/wp-content\/uploads\/2025\/03\/343800373_630308005196706_5777792000677938246_n.jpg\",\"width\":720,\"height\":535},{\"@type\":\"BreadcrumbList\",\"@id\":\"https:\/\/dipmission-osce.com\/cs\/obsye-zaklykaye-2\/#breadcrumb\",\"itemListElement\":[{\"@type\":\"ListItem\",\"position\":1,\"name\":\"\u0413\u043e\u043b\u043e\u0432\u043d\u0430\",\"item\":\"https:\/\/dipmission-osce.com\/cs\/\"},{\"@type\":\"ListItem\",\"position\":2,\"name\":\"Humanit\u00e1rn\u00ed mise OBSE p\u0159edstavila italsko-ukrajinsk\u00fd logistick\u00fd projekt na konferenci o obnov\u011b Ukrajiny\"}]},{\"@type\":\"WebSite\",\"@id\":\"https:\/\/dipmission-osce.com\/cs\/#website\",\"url\":\"https:\/\/dipmission-osce.com\/cs\/\",\"name\":\"OSCE IDHM\",\"description\":\"Dipmission OSCE\",\"publisher\":{\"@id\":\"https:\/\/dipmission-osce.com\/cs\/#organization\"},\"alternateName\":\"OSCE IDHM\",\"potentialAction\":[{\"@type\":\"SearchAction\",\"target\":{\"@type\":\"EntryPoint\",\"urlTemplate\":\"https:\/\/dipmission-osce.com\/cs\/?s={search_term_string}\"},\"query-input\":{\"@type\":\"PropertyValueSpecification\",\"valueRequired\":true,\"valueName\":\"search_term_string\"}}],\"inLanguage\":\"cs\"},{\"@type\":\"Organization\",\"@id\":\"https:\/\/dipmission-osce.com\/cs\/#organization\",\"name\":\"Dipmission OSCE\",\"url\":\"https:\/\/dipmission-osce.com\/cs\/\",\"logo\":{\"@type\":\"ImageObject\",\"inLanguage\":\"cs\",\"@id\":\"https:\/\/dipmission-osce.com\/cs\/#\/schema\/logo\/image\/\",\"url\":\"https:\/\/dipmission-osce.com\/wp-content\/uploads\/2025\/07\/featured-image-dipmission-osce.png\",\"contentUrl\":\"https:\/\/dipmission-osce.com\/wp-content\/uploads\/2025\/07\/featured-image-dipmission-osce.png\",\"width\":1200,\"height\":675,\"caption\":\"Dipmission OSCE\"},\"image\":{\"@id\":\"https:\/\/dipmission-osce.com\/cs\/#\/schema\/logo\/image\/\"},\"sameAs\":[\"https:\/\/www.facebook.com\/groups\/1056799551716288\"]},{\"@type\":\"Person\",\"@id\":\"https:\/\/dipmission-osce.com\/cs\/#\/schema\/person\/64ee51e1e4edcd45bfb312fb9c9de2ca\",\"name\":\"admin\",\"image\":{\"@type\":\"ImageObject\",\"inLanguage\":\"cs\",\"@id\":\"https:\/\/dipmission-osce.com\/cs\/#\/schema\/person\/image\/\",\"url\":\"https:\/\/secure.gravatar.com\/avatar\/473f9681549688bcd731b8a9535f18e76c06ab27390be84d91d8917d988d5296?s=96&d=mm&r=g\",\"contentUrl\":\"https:\/\/secure.gravatar.com\/avatar\/473f9681549688bcd731b8a9535f18e76c06ab27390be84d91d8917d988d5296?s=96&d=mm&r=g\",\"caption\":\"admin\"},\"sameAs\":[\"https:\/\/dipmission-osce.com\"]}]}<\/script>\n<!-- \/ Yoast SEO plugin. -->","yoast_head_json":{"title":"Humanit\u00e1rn\u00ed mise OBSE p\u0159edstavila italsko-ukrajinsk\u00fd logistick\u00fd projekt na konferenci o obnov\u011b Ukrajiny | OSCE IDHM","robots":{"index":"index","follow":"follow","max-snippet":"max-snippet:-1","max-image-preview":"max-image-preview:large","max-video-preview":"max-video-preview:-1"},"canonical":"https:\/\/dipmission-osce.com\/cs\/obsye-zaklykaye-2\/","og_locale":"cs_CZ","og_type":"article","og_title":"Humanit\u00e1rn\u00ed mise OBSE p\u0159edstavila italsko-ukrajinsk\u00fd logistick\u00fd projekt na konferenci o obnov\u011b Ukrajiny | OSCE IDHM","og_description":"Z\u00e1stupce nevl\u00e1dn\u00ed organizace \u201eMezin\u00e1rodn\u00ed diplomatick\u00e1 humanit\u00e1rn\u00ed mise\u201c OBSE \u2013 Ihor Bo\u010dan, v\u010dera p\u0159edstavil jeden z prvn\u00edch spole\u010dn\u00fdch italsko-ukrajinsk\u00fdch projekt\u016f na konferenci o obnov\u011b Ukrajiny. Projekt pom\u016f\u017ee vytvo\u0159it logistickou platformu, kter\u00e1 propoj\u00ed Ukrajinu po zemi s intermod\u00e1ln\u00edm p\u0159\u00edstavem Quadrante Europa ve Veron\u011b. Interport Quadrante Europa ve Veron\u011b je nejv\u011bt\u0161\u00edm logistick\u00fdm oper\u00e1torem a dopravn\u00edm uzlem v It\u00e1lii, [&hellip;]","og_url":"https:\/\/dipmission-osce.com\/cs\/obsye-zaklykaye-2\/","og_site_name":"OSCE IDHM","article_publisher":"https:\/\/www.facebook.com\/groups\/1056799551716288","article_published_time":"2023-04-23T08:58:00+00:00","article_modified_time":"2025-11-06T19:18:29+00:00","og_image":[{"width":720,"height":535,"url":"https:\/\/dipmission-osce.com\/wp-content\/uploads\/2025\/03\/343800373_630308005196706_5777792000677938246_n.jpg","type":"image\/jpeg"}],"author":"admin","twitter_card":"summary_large_image","twitter_misc":{"Napsal(a)":"admin","Odhadovan\u00e1 doba \u010dten\u00ed":"1 minuta"},"schema":{"@context":"https:\/\/schema.org","@graph":[{"@type":"Article","@id":"https:\/\/dipmission-osce.com\/cs\/obsye-zaklykaye-2\/#article","isPartOf":{"@id":"https:\/\/dipmission-osce.com\/cs\/obsye-zaklykaye-2\/"},"author":{"name":"admin","@id":"https:\/\/dipmission-osce.com\/cs\/#\/schema\/person\/64ee51e1e4edcd45bfb312fb9c9de2ca"},"headline":"Humanit\u00e1rn\u00ed mise OBSE p\u0159edstavila italsko-ukrajinsk\u00fd logistick\u00fd projekt na konferenci o obnov\u011b Ukrajiny","datePublished":"2023-04-23T08:58:00+00:00","dateModified":"2025-11-06T19:18:29+00:00","mainEntityOfPage":{"@id":"https:\/\/dipmission-osce.com\/cs\/obsye-zaklykaye-2\/"},"wordCount":147,"commentCount":0,"publisher":{"@id":"https:\/\/dipmission-osce.com\/cs\/#organization"},"image":{"@id":"https:\/\/dipmission-osce.com\/cs\/obsye-zaklykaye-2\/#primaryimage"},"thumbnailUrl":"https:\/\/dipmission-osce.com\/wp-content\/uploads\/2025\/03\/343800373_630308005196706_5777792000677938246_n.jpg","articleSection":["D\u016fle\u017eit\u00e9"],"inLanguage":"cs","potentialAction":[{"@type":"CommentAction","name":"Comment","target":["https:\/\/dipmission-osce.com\/cs\/obsye-zaklykaye-2\/#respond"]}]},{"@type":"WebPage","@id":"https:\/\/dipmission-osce.com\/cs\/obsye-zaklykaye-2\/","url":"https:\/\/dipmission-osce.com\/cs\/obsye-zaklykaye-2\/","name":"Humanit\u00e1rn\u00ed mise OBSE p\u0159edstavila italsko-ukrajinsk\u00fd logistick\u00fd projekt na konferenci o obnov\u011b Ukrajiny | OSCE IDHM","isPartOf":{"@id":"https:\/\/dipmission-osce.com\/cs\/#website"},"primaryImageOfPage":{"@id":"https:\/\/dipmission-osce.com\/cs\/obsye-zaklykaye-2\/#primaryimage"},"image":{"@id":"https:\/\/dipmission-osce.com\/cs\/obsye-zaklykaye-2\/#primaryimage"},"thumbnailUrl":"https:\/\/dipmission-osce.com\/wp-content\/uploads\/2025\/03\/343800373_630308005196706_5777792000677938246_n.jpg","datePublished":"2023-04-23T08:58:00+00:00","dateModified":"2025-11-06T19:18:29+00:00","breadcrumb":{"@id":"https:\/\/dipmission-osce.com\/cs\/obsye-zaklykaye-2\/#breadcrumb"},"inLanguage":"cs","potentialAction":[{"@type":"ReadAction","target":["https:\/\/dipmission-osce.com\/cs\/obsye-zaklykaye-2\/"]}]},{"@type":"ImageObject","inLanguage":"cs","@id":"https:\/\/dipmission-osce.com\/cs\/obsye-zaklykaye-2\/#primaryimage","url":"https:\/\/dipmission-osce.com\/wp-content\/uploads\/2025\/03\/343800373_630308005196706_5777792000677938246_n.jpg","contentUrl":"https:\/\/dipmission-osce.com\/wp-content\/uploads\/2025\/03\/343800373_630308005196706_5777792000677938246_n.jpg","width":720,"height":535},{"@type":"BreadcrumbList","@id":"https:\/\/dipmission-osce.com\/cs\/obsye-zaklykaye-2\/#breadcrumb","itemListElement":[{"@type":"ListItem","position":1,"name":"\u0413\u043e\u043b\u043e\u0432\u043d\u0430","item":"https:\/\/dipmission-osce.com\/cs\/"},{"@type":"ListItem","position":2,"name":"Humanit\u00e1rn\u00ed mise OBSE p\u0159edstavila italsko-ukrajinsk\u00fd logistick\u00fd projekt na konferenci o obnov\u011b Ukrajiny"}]},{"@type":"WebSite","@id":"https:\/\/dipmission-osce.com\/cs\/#website","url":"https:\/\/dipmission-osce.com\/cs\/","name":"OSCE IDHM","description":"Dipmission OSCE","publisher":{"@id":"https:\/\/dipmission-osce.com\/cs\/#organization"},"alternateName":"OSCE IDHM","potentialAction":[{"@type":"SearchAction","target":{"@type":"EntryPoint","urlTemplate":"https:\/\/dipmission-osce.com\/cs\/?s={search_term_string}"},"query-input":{"@type":"PropertyValueSpecification","valueRequired":true,"valueName":"search_term_string"}}],"inLanguage":"cs"},{"@type":"Organization","@id":"https:\/\/dipmission-osce.com\/cs\/#organization","name":"Dipmission OSCE","url":"https:\/\/dipmission-osce.com\/cs\/","logo":{"@type":"ImageObject","inLanguage":"cs","@id":"https:\/\/dipmission-osce.com\/cs\/#\/schema\/logo\/image\/","url":"https:\/\/dipmission-osce.com\/wp-content\/uploads\/2025\/07\/featured-image-dipmission-osce.png","contentUrl":"https:\/\/dipmission-osce.com\/wp-content\/uploads\/2025\/07\/featured-image-dipmission-osce.png","width":1200,"height":675,"caption":"Dipmission OSCE"},"image":{"@id":"https:\/\/dipmission-osce.com\/cs\/#\/schema\/logo\/image\/"},"sameAs":["https:\/\/www.facebook.com\/groups\/1056799551716288"]},{"@type":"Person","@id":"https:\/\/dipmission-osce.com\/cs\/#\/schema\/person\/64ee51e1e4edcd45bfb312fb9c9de2ca","name":"admin","image":{"@type":"ImageObject","inLanguage":"cs","@id":"https:\/\/dipmission-osce.com\/cs\/#\/schema\/person\/image\/","url":"https:\/\/secure.gravatar.com\/avatar\/473f9681549688bcd731b8a9535f18e76c06ab27390be84d91d8917d988d5296?s=96&d=mm&r=g","contentUrl":"https:\/\/secure.gravatar.com\/avatar\/473f9681549688bcd731b8a9535f18e76c06ab27390be84d91d8917d988d5296?s=96&d=mm&r=g","caption":"admin"},"sameAs":["https:\/\/dipmission-osce.com"]}]}},"_links":{"self":[{"href":"https:\/\/dipmission-osce.com\/cs\/wp-json\/wp\/v2\/posts\/2009","targetHints":{"allow":["GET"]}}],"collection":[{"href":"https:\/\/dipmission-osce.com\/cs\/wp-json\/wp\/v2\/posts"}],"about":[{"href":"https:\/\/dipmission-osce.com\/cs\/wp-json\/wp\/v2\/types\/post"}],"author":[{"embeddable":true,"href":"https:\/\/dipmission-osce.com\/cs\/wp-json\/wp\/v2\/users\/1"}],"replies":[{"embeddable":true,"href":"https:\/\/dipmission-osce.com\/cs\/wp-json\/wp\/v2\/comments?post=2009"}],"version-history":[{"count":1,"href":"https:\/\/dipmission-osce.com\/cs\/wp-json\/wp\/v2\/posts\/2009\/revisions"}],"predecessor-version":[{"id":2650,"href":"https:\/\/dipmission-osce.com\/cs\/wp-json\/wp\/v2\/posts\/2009\/revisions\/2650"}],"wp:featuredmedia":[{"embeddable":true,"href":"https:\/\/dipmission-osce.com\/cs\/wp-json\/wp\/v2\/media\/2011"}],"wp:attachment":[{"href":"https:\/\/dipmission-osce.com\/cs\/wp-json\/wp\/v2\/media?parent=2009"}],"wp:term":[{"taxonomy":"category","embeddable":true,"href":"https:\/\/dipmission-osce.com\/cs\/wp-json\/wp\/v2\/categories?post=2009"},{"taxonomy":"post_tag","embeddable":true,"href":"https:\/\/dipmission-osce.com\/cs\/wp-json\/wp\/v2\/tags?post=2009"}],"curies":[{"name":"wp","href":"https:\/\/api.w.org\/{rel}","templated":true}]}}