{"id":1999,"date":"2024-05-28T06:09:00","date_gmt":"2024-05-28T06:09:00","guid":{"rendered":"https:\/\/dipmission-osce.com\/polskyj-lider-tusk-planuye-zaproponuvaty-vijskovu-pidgotovku-vsim-polskym-cholovikam\/"},"modified":"2025-11-06T19:21:42","modified_gmt":"2025-11-06T19:21:42","slug":"polskyj-lider-tusk-planuye-zaproponuvaty-vijskovu-pidgotovku-vsim-polskym-cholovikam","status":"publish","type":"post","link":"https:\/\/dipmission-osce.com\/cs\/polskyj-lider-tusk-planuye-zaproponuvaty-vijskovu-pidgotovku-vsim-polskym-cholovikam\/","title":{"rendered":"K Mezin\u00e1rodn\u00edmu dni d\u011bt\u00ed p\u0159edala humanit\u00e1rn\u00ed mise OBSE d\u00e1rky d\u011btem-sirotk\u016fm v U\u017ehorodu"},"content":{"rendered":"\n<p>Ji\u017e neot\u0159esitelnou tradic\u00ed se stala n\u00e1v\u0161t\u011bva d\u011btsk\u00e9ho domova pro sirotky ve m\u011bst\u011b U\u017ehorod p\u0159edsedou nevl\u00e1dn\u00ed organizace \u201eMezin\u00e1rodn\u00ed diplomatick\u00e1 humanit\u00e1rn\u00ed mise\u201c OBSE \u2013 Petrem \u0160pugany\u010dem, spolu se z\u00e1stupci diplomatick\u00e9 mise Erikou Popovi\u010d a Oleksandrem Popovi\u010dem, z iniciativy Monitorovac\u00ed mise OBSE a vl\u00e1dn\u00ed organizace n\u011bmeck\u00e9ho Bundestagu Global Security Sector Reform Foundation gGmbH.<\/p>\n\n\n\n<p>V p\u0159edve\u010der Mezin\u00e1rodn\u00edho dne d\u011bt\u00ed byly d\u011btem-sirotk\u016fm p\u0159ed\u00e1ny \u010detn\u00e9 d\u00e1rky, oble\u010den\u00ed a mnoho dal\u0161\u00edho, co dne\u0161n\u00ed d\u011bti pot\u0159ebuj\u00ed.<\/p>\n\n\n\n<figure class=\"wp-block-gallery has-nested-images columns-default is-cropped wp-block-gallery-1 is-layout-flex wp-block-gallery-is-layout-flex\">\n<figure class=\"wp-block-image size-large\"><img loading=\"lazy\" decoding=\"async\" width=\"1024\" height=\"473\" data-id=\"509\" src=\"https:\/\/dipmission-osce.com\/wp-content\/uploads\/2025\/03\/445469657_1719743742189293_9205159022652163465_n-1024x473.jpg\" alt=\"\" class=\"wp-image-509\" srcset=\"https:\/\/dipmission-osce.com\/wp-content\/uploads\/2025\/03\/445469657_1719743742189293_9205159022652163465_n-1024x473.jpg 1024w, https:\/\/dipmission-osce.com\/wp-content\/uploads\/2025\/03\/445469657_1719743742189293_9205159022652163465_n-300x139.jpg 300w, https:\/\/dipmission-osce.com\/wp-content\/uploads\/2025\/03\/445469657_1719743742189293_9205159022652163465_n-768x355.jpg 768w, https:\/\/dipmission-osce.com\/wp-content\/uploads\/2025\/03\/445469657_1719743742189293_9205159022652163465_n-1536x709.jpg 1536w, https:\/\/dipmission-osce.com\/wp-content\/uploads\/2025\/03\/445469657_1719743742189293_9205159022652163465_n.jpg 1600w\" sizes=\"auto, (max-width: 1024px) 100vw, 1024px\" \/><\/figure>\n\n\n\n<figure class=\"wp-block-image size-large\"><img loading=\"lazy\" decoding=\"async\" width=\"1024\" height=\"462\" data-id=\"511\" src=\"https:\/\/dipmission-osce.com\/wp-content\/uploads\/2025\/03\/445745681_1719743478855986_8822011755087480606_n-1024x462.jpg\" alt=\"\" class=\"wp-image-511\" srcset=\"https:\/\/dipmission-osce.com\/wp-content\/uploads\/2025\/03\/445745681_1719743478855986_8822011755087480606_n-1024x462.jpg 1024w, https:\/\/dipmission-osce.com\/wp-content\/uploads\/2025\/03\/445745681_1719743478855986_8822011755087480606_n-300x135.jpg 300w, https:\/\/dipmission-osce.com\/wp-content\/uploads\/2025\/03\/445745681_1719743478855986_8822011755087480606_n-768x346.jpg 768w, https:\/\/dipmission-osce.com\/wp-content\/uploads\/2025\/03\/445745681_1719743478855986_8822011755087480606_n.jpg 1420w\" sizes=\"auto, (max-width: 1024px) 100vw, 1024px\" \/><\/figure>\n<\/figure>\n","protected":false},"excerpt":{"rendered":"<p>Ji\u017e neot\u0159esitelnou tradic\u00ed se stala n\u00e1v\u0161t\u011bva d\u011btsk\u00e9ho domova pro sirotky ve m\u011bst\u011b U\u017ehorod p\u0159edsedou nevl\u00e1dn\u00ed organizace \u201eMezin\u00e1rodn\u00ed diplomatick\u00e1 humanit\u00e1rn\u00ed mise\u201c OBSE \u2013 Petrem \u0160pugany\u010dem, spolu se z\u00e1stupci diplomatick\u00e9 mise Erikou Popovi\u010d a Oleksandrem Popovi\u010dem, z iniciativy Monitorovac\u00ed mise OBSE a vl\u00e1dn\u00ed organizace n\u011bmeck\u00e9ho Bundestagu Global Security Sector Reform Foundation gGmbH. V p\u0159edve\u010der Mezin\u00e1rodn\u00edho dne d\u011bt\u00ed [&hellip;]<\/p>\n","protected":false},"author":1,"featured_media":2001,"comment_status":"open","ping_status":"open","sticky":false,"template":"","format":"standard","meta":{"inline_featured_image":false,"footnotes":""},"categories":[11],"tags":[],"class_list":["post-1999","post","type-post","status-publish","format-standard","has-post-thumbnail","hentry","category-bez-kategoriyi"],"acf":[],"yoast_head":"<!-- This site is optimized with the Yoast SEO plugin v25.6 - https:\/\/yoast.com\/wordpress\/plugins\/seo\/ -->\n<title>K Mezin\u00e1rodn\u00edmu dni d\u011bt\u00ed p\u0159edala humanit\u00e1rn\u00ed mise OBSE d\u00e1rky d\u011btem-sirotk\u016fm v U\u017ehorodu | OSCE IDHM<\/title>\n<meta name=\"robots\" content=\"index, follow, max-snippet:-1, max-image-preview:large, max-video-preview:-1\" \/>\n<link rel=\"canonical\" href=\"https:\/\/dipmission-osce.com\/cs\/polskyj-lider-tusk-planuye-zaproponuvaty-vijskovu-pidgotovku-vsim-polskym-cholovikam\/\" \/>\n<meta property=\"og:locale\" content=\"cs_CZ\" \/>\n<meta property=\"og:type\" content=\"article\" \/>\n<meta property=\"og:title\" content=\"K Mezin\u00e1rodn\u00edmu dni d\u011bt\u00ed p\u0159edala humanit\u00e1rn\u00ed mise OBSE d\u00e1rky d\u011btem-sirotk\u016fm v U\u017ehorodu | OSCE IDHM\" \/>\n<meta property=\"og:description\" content=\"Ji\u017e neot\u0159esitelnou tradic\u00ed se stala n\u00e1v\u0161t\u011bva d\u011btsk\u00e9ho domova pro sirotky ve m\u011bst\u011b U\u017ehorod p\u0159edsedou nevl\u00e1dn\u00ed organizace \u201eMezin\u00e1rodn\u00ed diplomatick\u00e1 humanit\u00e1rn\u00ed mise\u201c OBSE \u2013 Petrem \u0160pugany\u010dem, spolu se z\u00e1stupci diplomatick\u00e9 mise Erikou Popovi\u010d a Oleksandrem Popovi\u010dem, z iniciativy Monitorovac\u00ed mise OBSE a vl\u00e1dn\u00ed organizace n\u011bmeck\u00e9ho Bundestagu Global Security Sector Reform Foundation gGmbH. V p\u0159edve\u010der Mezin\u00e1rodn\u00edho dne d\u011bt\u00ed [&hellip;]\" \/>\n<meta property=\"og:url\" content=\"https:\/\/dipmission-osce.com\/cs\/polskyj-lider-tusk-planuye-zaproponuvaty-vijskovu-pidgotovku-vsim-polskym-cholovikam\/\" \/>\n<meta property=\"og:site_name\" content=\"OSCE IDHM\" \/>\n<meta property=\"article:publisher\" content=\"https:\/\/www.facebook.com\/groups\/1056799551716288\" \/>\n<meta property=\"article:published_time\" content=\"2024-05-28T06:09:00+00:00\" \/>\n<meta property=\"article:modified_time\" content=\"2025-11-06T19:21:42+00:00\" \/>\n<meta property=\"og:image\" content=\"https:\/\/dipmission-osce.com\/wp-content\/uploads\/2025\/03\/445469657_1719743742189293_9205159022652163465_n.jpg\" \/>\n\t<meta property=\"og:image:width\" content=\"1600\" \/>\n\t<meta property=\"og:image:height\" content=\"739\" \/>\n\t<meta property=\"og:image:type\" content=\"image\/jpeg\" \/>\n<meta name=\"author\" content=\"admin\" \/>\n<meta name=\"twitter:card\" content=\"summary_large_image\" \/>\n<meta name=\"twitter:label1\" content=\"Napsal(a)\" \/>\n\t<meta name=\"twitter:data1\" content=\"admin\" \/>\n\t<meta name=\"twitter:label2\" content=\"Odhadovan\u00e1 doba \u010dten\u00ed\" \/>\n\t<meta name=\"twitter:data2\" content=\"1 minuta\" \/>\n<script type=\"application\/ld+json\" class=\"yoast-schema-graph\">{\"@context\":\"https:\/\/schema.org\",\"@graph\":[{\"@type\":\"Article\",\"@id\":\"https:\/\/dipmission-osce.com\/cs\/polskyj-lider-tusk-planuye-zaproponuvaty-vijskovu-pidgotovku-vsim-polskym-cholovikam\/#article\",\"isPartOf\":{\"@id\":\"https:\/\/dipmission-osce.com\/cs\/polskyj-lider-tusk-planuye-zaproponuvaty-vijskovu-pidgotovku-vsim-polskym-cholovikam\/\"},\"author\":{\"name\":\"admin\",\"@id\":\"https:\/\/dipmission-osce.com\/cs\/#\/schema\/person\/64ee51e1e4edcd45bfb312fb9c9de2ca\"},\"headline\":\"K Mezin\u00e1rodn\u00edmu dni d\u011bt\u00ed p\u0159edala humanit\u00e1rn\u00ed mise OBSE d\u00e1rky d\u011btem-sirotk\u016fm v U\u017ehorodu\",\"datePublished\":\"2024-05-28T06:09:00+00:00\",\"dateModified\":\"2025-11-06T19:21:42+00:00\",\"mainEntityOfPage\":{\"@id\":\"https:\/\/dipmission-osce.com\/cs\/polskyj-lider-tusk-planuye-zaproponuvaty-vijskovu-pidgotovku-vsim-polskym-cholovikam\/\"},\"wordCount\":121,\"commentCount\":0,\"publisher\":{\"@id\":\"https:\/\/dipmission-osce.com\/cs\/#organization\"},\"image\":{\"@id\":\"https:\/\/dipmission-osce.com\/cs\/polskyj-lider-tusk-planuye-zaproponuvaty-vijskovu-pidgotovku-vsim-polskym-cholovikam\/#primaryimage\"},\"thumbnailUrl\":\"https:\/\/dipmission-osce.com\/wp-content\/uploads\/2025\/03\/445469657_1719743742189293_9205159022652163465_n.jpg\",\"articleSection\":[\"D\u016fle\u017eit\u00e9\"],\"inLanguage\":\"cs\",\"potentialAction\":[{\"@type\":\"CommentAction\",\"name\":\"Comment\",\"target\":[\"https:\/\/dipmission-osce.com\/cs\/polskyj-lider-tusk-planuye-zaproponuvaty-vijskovu-pidgotovku-vsim-polskym-cholovikam\/#respond\"]}]},{\"@type\":\"WebPage\",\"@id\":\"https:\/\/dipmission-osce.com\/cs\/polskyj-lider-tusk-planuye-zaproponuvaty-vijskovu-pidgotovku-vsim-polskym-cholovikam\/\",\"url\":\"https:\/\/dipmission-osce.com\/cs\/polskyj-lider-tusk-planuye-zaproponuvaty-vijskovu-pidgotovku-vsim-polskym-cholovikam\/\",\"name\":\"K Mezin\u00e1rodn\u00edmu dni d\u011bt\u00ed p\u0159edala humanit\u00e1rn\u00ed mise OBSE d\u00e1rky d\u011btem-sirotk\u016fm v U\u017ehorodu | OSCE IDHM\",\"isPartOf\":{\"@id\":\"https:\/\/dipmission-osce.com\/cs\/#website\"},\"primaryImageOfPage\":{\"@id\":\"https:\/\/dipmission-osce.com\/cs\/polskyj-lider-tusk-planuye-zaproponuvaty-vijskovu-pidgotovku-vsim-polskym-cholovikam\/#primaryimage\"},\"image\":{\"@id\":\"https:\/\/dipmission-osce.com\/cs\/polskyj-lider-tusk-planuye-zaproponuvaty-vijskovu-pidgotovku-vsim-polskym-cholovikam\/#primaryimage\"},\"thumbnailUrl\":\"https:\/\/dipmission-osce.com\/wp-content\/uploads\/2025\/03\/445469657_1719743742189293_9205159022652163465_n.jpg\",\"datePublished\":\"2024-05-28T06:09:00+00:00\",\"dateModified\":\"2025-11-06T19:21:42+00:00\",\"breadcrumb\":{\"@id\":\"https:\/\/dipmission-osce.com\/cs\/polskyj-lider-tusk-planuye-zaproponuvaty-vijskovu-pidgotovku-vsim-polskym-cholovikam\/#breadcrumb\"},\"inLanguage\":\"cs\",\"potentialAction\":[{\"@type\":\"ReadAction\",\"target\":[\"https:\/\/dipmission-osce.com\/cs\/polskyj-lider-tusk-planuye-zaproponuvaty-vijskovu-pidgotovku-vsim-polskym-cholovikam\/\"]}]},{\"@type\":\"ImageObject\",\"inLanguage\":\"cs\",\"@id\":\"https:\/\/dipmission-osce.com\/cs\/polskyj-lider-tusk-planuye-zaproponuvaty-vijskovu-pidgotovku-vsim-polskym-cholovikam\/#primaryimage\",\"url\":\"https:\/\/dipmission-osce.com\/wp-content\/uploads\/2025\/03\/445469657_1719743742189293_9205159022652163465_n.jpg\",\"contentUrl\":\"https:\/\/dipmission-osce.com\/wp-content\/uploads\/2025\/03\/445469657_1719743742189293_9205159022652163465_n.jpg\",\"width\":1600,\"height\":739},{\"@type\":\"BreadcrumbList\",\"@id\":\"https:\/\/dipmission-osce.com\/cs\/polskyj-lider-tusk-planuye-zaproponuvaty-vijskovu-pidgotovku-vsim-polskym-cholovikam\/#breadcrumb\",\"itemListElement\":[{\"@type\":\"ListItem\",\"position\":1,\"name\":\"\u0413\u043e\u043b\u043e\u0432\u043d\u0430\",\"item\":\"https:\/\/dipmission-osce.com\/cs\/\"},{\"@type\":\"ListItem\",\"position\":2,\"name\":\"K Mezin\u00e1rodn\u00edmu dni d\u011bt\u00ed p\u0159edala humanit\u00e1rn\u00ed mise OBSE d\u00e1rky d\u011btem-sirotk\u016fm v U\u017ehorodu\"}]},{\"@type\":\"WebSite\",\"@id\":\"https:\/\/dipmission-osce.com\/cs\/#website\",\"url\":\"https:\/\/dipmission-osce.com\/cs\/\",\"name\":\"OSCE IDHM\",\"description\":\"Dipmission OSCE\",\"publisher\":{\"@id\":\"https:\/\/dipmission-osce.com\/cs\/#organization\"},\"alternateName\":\"OSCE IDHM\",\"potentialAction\":[{\"@type\":\"SearchAction\",\"target\":{\"@type\":\"EntryPoint\",\"urlTemplate\":\"https:\/\/dipmission-osce.com\/cs\/?s={search_term_string}\"},\"query-input\":{\"@type\":\"PropertyValueSpecification\",\"valueRequired\":true,\"valueName\":\"search_term_string\"}}],\"inLanguage\":\"cs\"},{\"@type\":\"Organization\",\"@id\":\"https:\/\/dipmission-osce.com\/cs\/#organization\",\"name\":\"Dipmission OSCE\",\"url\":\"https:\/\/dipmission-osce.com\/cs\/\",\"logo\":{\"@type\":\"ImageObject\",\"inLanguage\":\"cs\",\"@id\":\"https:\/\/dipmission-osce.com\/cs\/#\/schema\/logo\/image\/\",\"url\":\"https:\/\/dipmission-osce.com\/wp-content\/uploads\/2025\/07\/featured-image-dipmission-osce.png\",\"contentUrl\":\"https:\/\/dipmission-osce.com\/wp-content\/uploads\/2025\/07\/featured-image-dipmission-osce.png\",\"width\":1200,\"height\":675,\"caption\":\"Dipmission OSCE\"},\"image\":{\"@id\":\"https:\/\/dipmission-osce.com\/cs\/#\/schema\/logo\/image\/\"},\"sameAs\":[\"https:\/\/www.facebook.com\/groups\/1056799551716288\"]},{\"@type\":\"Person\",\"@id\":\"https:\/\/dipmission-osce.com\/cs\/#\/schema\/person\/64ee51e1e4edcd45bfb312fb9c9de2ca\",\"name\":\"admin\",\"image\":{\"@type\":\"ImageObject\",\"inLanguage\":\"cs\",\"@id\":\"https:\/\/dipmission-osce.com\/cs\/#\/schema\/person\/image\/\",\"url\":\"https:\/\/secure.gravatar.com\/avatar\/473f9681549688bcd731b8a9535f18e76c06ab27390be84d91d8917d988d5296?s=96&d=mm&r=g\",\"contentUrl\":\"https:\/\/secure.gravatar.com\/avatar\/473f9681549688bcd731b8a9535f18e76c06ab27390be84d91d8917d988d5296?s=96&d=mm&r=g\",\"caption\":\"admin\"},\"sameAs\":[\"https:\/\/dipmission-osce.com\"]}]}<\/script>\n<!-- \/ Yoast SEO plugin. -->","yoast_head_json":{"title":"K Mezin\u00e1rodn\u00edmu dni d\u011bt\u00ed p\u0159edala humanit\u00e1rn\u00ed mise OBSE d\u00e1rky d\u011btem-sirotk\u016fm v U\u017ehorodu | OSCE IDHM","robots":{"index":"index","follow":"follow","max-snippet":"max-snippet:-1","max-image-preview":"max-image-preview:large","max-video-preview":"max-video-preview:-1"},"canonical":"https:\/\/dipmission-osce.com\/cs\/polskyj-lider-tusk-planuye-zaproponuvaty-vijskovu-pidgotovku-vsim-polskym-cholovikam\/","og_locale":"cs_CZ","og_type":"article","og_title":"K Mezin\u00e1rodn\u00edmu dni d\u011bt\u00ed p\u0159edala humanit\u00e1rn\u00ed mise OBSE d\u00e1rky d\u011btem-sirotk\u016fm v U\u017ehorodu | OSCE IDHM","og_description":"Ji\u017e neot\u0159esitelnou tradic\u00ed se stala n\u00e1v\u0161t\u011bva d\u011btsk\u00e9ho domova pro sirotky ve m\u011bst\u011b U\u017ehorod p\u0159edsedou nevl\u00e1dn\u00ed organizace \u201eMezin\u00e1rodn\u00ed diplomatick\u00e1 humanit\u00e1rn\u00ed mise\u201c OBSE \u2013 Petrem \u0160pugany\u010dem, spolu se z\u00e1stupci diplomatick\u00e9 mise Erikou Popovi\u010d a Oleksandrem Popovi\u010dem, z iniciativy Monitorovac\u00ed mise OBSE a vl\u00e1dn\u00ed organizace n\u011bmeck\u00e9ho Bundestagu Global Security Sector Reform Foundation gGmbH. V p\u0159edve\u010der Mezin\u00e1rodn\u00edho dne d\u011bt\u00ed [&hellip;]","og_url":"https:\/\/dipmission-osce.com\/cs\/polskyj-lider-tusk-planuye-zaproponuvaty-vijskovu-pidgotovku-vsim-polskym-cholovikam\/","og_site_name":"OSCE IDHM","article_publisher":"https:\/\/www.facebook.com\/groups\/1056799551716288","article_published_time":"2024-05-28T06:09:00+00:00","article_modified_time":"2025-11-06T19:21:42+00:00","og_image":[{"width":1600,"height":739,"url":"https:\/\/dipmission-osce.com\/wp-content\/uploads\/2025\/03\/445469657_1719743742189293_9205159022652163465_n.jpg","type":"image\/jpeg"}],"author":"admin","twitter_card":"summary_large_image","twitter_misc":{"Napsal(a)":"admin","Odhadovan\u00e1 doba \u010dten\u00ed":"1 minuta"},"schema":{"@context":"https:\/\/schema.org","@graph":[{"@type":"Article","@id":"https:\/\/dipmission-osce.com\/cs\/polskyj-lider-tusk-planuye-zaproponuvaty-vijskovu-pidgotovku-vsim-polskym-cholovikam\/#article","isPartOf":{"@id":"https:\/\/dipmission-osce.com\/cs\/polskyj-lider-tusk-planuye-zaproponuvaty-vijskovu-pidgotovku-vsim-polskym-cholovikam\/"},"author":{"name":"admin","@id":"https:\/\/dipmission-osce.com\/cs\/#\/schema\/person\/64ee51e1e4edcd45bfb312fb9c9de2ca"},"headline":"K Mezin\u00e1rodn\u00edmu dni d\u011bt\u00ed p\u0159edala humanit\u00e1rn\u00ed mise OBSE d\u00e1rky d\u011btem-sirotk\u016fm v U\u017ehorodu","datePublished":"2024-05-28T06:09:00+00:00","dateModified":"2025-11-06T19:21:42+00:00","mainEntityOfPage":{"@id":"https:\/\/dipmission-osce.com\/cs\/polskyj-lider-tusk-planuye-zaproponuvaty-vijskovu-pidgotovku-vsim-polskym-cholovikam\/"},"wordCount":121,"commentCount":0,"publisher":{"@id":"https:\/\/dipmission-osce.com\/cs\/#organization"},"image":{"@id":"https:\/\/dipmission-osce.com\/cs\/polskyj-lider-tusk-planuye-zaproponuvaty-vijskovu-pidgotovku-vsim-polskym-cholovikam\/#primaryimage"},"thumbnailUrl":"https:\/\/dipmission-osce.com\/wp-content\/uploads\/2025\/03\/445469657_1719743742189293_9205159022652163465_n.jpg","articleSection":["D\u016fle\u017eit\u00e9"],"inLanguage":"cs","potentialAction":[{"@type":"CommentAction","name":"Comment","target":["https:\/\/dipmission-osce.com\/cs\/polskyj-lider-tusk-planuye-zaproponuvaty-vijskovu-pidgotovku-vsim-polskym-cholovikam\/#respond"]}]},{"@type":"WebPage","@id":"https:\/\/dipmission-osce.com\/cs\/polskyj-lider-tusk-planuye-zaproponuvaty-vijskovu-pidgotovku-vsim-polskym-cholovikam\/","url":"https:\/\/dipmission-osce.com\/cs\/polskyj-lider-tusk-planuye-zaproponuvaty-vijskovu-pidgotovku-vsim-polskym-cholovikam\/","name":"K Mezin\u00e1rodn\u00edmu dni d\u011bt\u00ed p\u0159edala humanit\u00e1rn\u00ed mise OBSE d\u00e1rky d\u011btem-sirotk\u016fm v U\u017ehorodu | OSCE IDHM","isPartOf":{"@id":"https:\/\/dipmission-osce.com\/cs\/#website"},"primaryImageOfPage":{"@id":"https:\/\/dipmission-osce.com\/cs\/polskyj-lider-tusk-planuye-zaproponuvaty-vijskovu-pidgotovku-vsim-polskym-cholovikam\/#primaryimage"},"image":{"@id":"https:\/\/dipmission-osce.com\/cs\/polskyj-lider-tusk-planuye-zaproponuvaty-vijskovu-pidgotovku-vsim-polskym-cholovikam\/#primaryimage"},"thumbnailUrl":"https:\/\/dipmission-osce.com\/wp-content\/uploads\/2025\/03\/445469657_1719743742189293_9205159022652163465_n.jpg","datePublished":"2024-05-28T06:09:00+00:00","dateModified":"2025-11-06T19:21:42+00:00","breadcrumb":{"@id":"https:\/\/dipmission-osce.com\/cs\/polskyj-lider-tusk-planuye-zaproponuvaty-vijskovu-pidgotovku-vsim-polskym-cholovikam\/#breadcrumb"},"inLanguage":"cs","potentialAction":[{"@type":"ReadAction","target":["https:\/\/dipmission-osce.com\/cs\/polskyj-lider-tusk-planuye-zaproponuvaty-vijskovu-pidgotovku-vsim-polskym-cholovikam\/"]}]},{"@type":"ImageObject","inLanguage":"cs","@id":"https:\/\/dipmission-osce.com\/cs\/polskyj-lider-tusk-planuye-zaproponuvaty-vijskovu-pidgotovku-vsim-polskym-cholovikam\/#primaryimage","url":"https:\/\/dipmission-osce.com\/wp-content\/uploads\/2025\/03\/445469657_1719743742189293_9205159022652163465_n.jpg","contentUrl":"https:\/\/dipmission-osce.com\/wp-content\/uploads\/2025\/03\/445469657_1719743742189293_9205159022652163465_n.jpg","width":1600,"height":739},{"@type":"BreadcrumbList","@id":"https:\/\/dipmission-osce.com\/cs\/polskyj-lider-tusk-planuye-zaproponuvaty-vijskovu-pidgotovku-vsim-polskym-cholovikam\/#breadcrumb","itemListElement":[{"@type":"ListItem","position":1,"name":"\u0413\u043e\u043b\u043e\u0432\u043d\u0430","item":"https:\/\/dipmission-osce.com\/cs\/"},{"@type":"ListItem","position":2,"name":"K Mezin\u00e1rodn\u00edmu dni d\u011bt\u00ed p\u0159edala humanit\u00e1rn\u00ed mise OBSE d\u00e1rky d\u011btem-sirotk\u016fm v U\u017ehorodu"}]},{"@type":"WebSite","@id":"https:\/\/dipmission-osce.com\/cs\/#website","url":"https:\/\/dipmission-osce.com\/cs\/","name":"OSCE IDHM","description":"Dipmission OSCE","publisher":{"@id":"https:\/\/dipmission-osce.com\/cs\/#organization"},"alternateName":"OSCE IDHM","potentialAction":[{"@type":"SearchAction","target":{"@type":"EntryPoint","urlTemplate":"https:\/\/dipmission-osce.com\/cs\/?s={search_term_string}"},"query-input":{"@type":"PropertyValueSpecification","valueRequired":true,"valueName":"search_term_string"}}],"inLanguage":"cs"},{"@type":"Organization","@id":"https:\/\/dipmission-osce.com\/cs\/#organization","name":"Dipmission OSCE","url":"https:\/\/dipmission-osce.com\/cs\/","logo":{"@type":"ImageObject","inLanguage":"cs","@id":"https:\/\/dipmission-osce.com\/cs\/#\/schema\/logo\/image\/","url":"https:\/\/dipmission-osce.com\/wp-content\/uploads\/2025\/07\/featured-image-dipmission-osce.png","contentUrl":"https:\/\/dipmission-osce.com\/wp-content\/uploads\/2025\/07\/featured-image-dipmission-osce.png","width":1200,"height":675,"caption":"Dipmission OSCE"},"image":{"@id":"https:\/\/dipmission-osce.com\/cs\/#\/schema\/logo\/image\/"},"sameAs":["https:\/\/www.facebook.com\/groups\/1056799551716288"]},{"@type":"Person","@id":"https:\/\/dipmission-osce.com\/cs\/#\/schema\/person\/64ee51e1e4edcd45bfb312fb9c9de2ca","name":"admin","image":{"@type":"ImageObject","inLanguage":"cs","@id":"https:\/\/dipmission-osce.com\/cs\/#\/schema\/person\/image\/","url":"https:\/\/secure.gravatar.com\/avatar\/473f9681549688bcd731b8a9535f18e76c06ab27390be84d91d8917d988d5296?s=96&d=mm&r=g","contentUrl":"https:\/\/secure.gravatar.com\/avatar\/473f9681549688bcd731b8a9535f18e76c06ab27390be84d91d8917d988d5296?s=96&d=mm&r=g","caption":"admin"},"sameAs":["https:\/\/dipmission-osce.com"]}]}},"_links":{"self":[{"href":"https:\/\/dipmission-osce.com\/cs\/wp-json\/wp\/v2\/posts\/1999","targetHints":{"allow":["GET"]}}],"collection":[{"href":"https:\/\/dipmission-osce.com\/cs\/wp-json\/wp\/v2\/posts"}],"about":[{"href":"https:\/\/dipmission-osce.com\/cs\/wp-json\/wp\/v2\/types\/post"}],"author":[{"embeddable":true,"href":"https:\/\/dipmission-osce.com\/cs\/wp-json\/wp\/v2\/users\/1"}],"replies":[{"embeddable":true,"href":"https:\/\/dipmission-osce.com\/cs\/wp-json\/wp\/v2\/comments?post=1999"}],"version-history":[{"count":1,"href":"https:\/\/dipmission-osce.com\/cs\/wp-json\/wp\/v2\/posts\/1999\/revisions"}],"predecessor-version":[{"id":2656,"href":"https:\/\/dipmission-osce.com\/cs\/wp-json\/wp\/v2\/posts\/1999\/revisions\/2656"}],"wp:featuredmedia":[{"embeddable":true,"href":"https:\/\/dipmission-osce.com\/cs\/wp-json\/wp\/v2\/media\/2001"}],"wp:attachment":[{"href":"https:\/\/dipmission-osce.com\/cs\/wp-json\/wp\/v2\/media?parent=1999"}],"wp:term":[{"taxonomy":"category","embeddable":true,"href":"https:\/\/dipmission-osce.com\/cs\/wp-json\/wp\/v2\/categories?post=1999"},{"taxonomy":"post_tag","embeddable":true,"href":"https:\/\/dipmission-osce.com\/cs\/wp-json\/wp\/v2\/tags?post=1999"}],"curies":[{"name":"wp","href":"https:\/\/api.w.org\/{rel}","templated":true}]}}