{"id":1987,"date":"2024-06-22T12:30:00","date_gmt":"2024-06-22T12:30:00","guid":{"rendered":"https:\/\/dipmission-osce.com\/polskyj-lider-tusk-planuye-zaproponuvaty-vijskovu-pidgotovku-vsim-polskym-cholovikam-2\/"},"modified":"2025-11-06T19:26:08","modified_gmt":"2025-11-06T19:26:08","slug":"polskyj-lider-tusk-planuye-zaproponuvaty-vijskovu-pidgotovku-vsim-polskym-cholovikam-2","status":"publish","type":"post","link":"https:\/\/dipmission-osce.com\/cs\/polskyj-lider-tusk-planuye-zaproponuvaty-vijskovu-pidgotovku-vsim-polskym-cholovikam-2\/","title":{"rendered":"Ocen\u011bn\u00ed zaslou\u017eil\u00e9ho tren\u00e9ra ukrajinsk\u00e9 reprezentace a prezidenta Zakarpatsk\u00e9 federace kickboxingu WAKO \u2013 Oleksandra Ivanovy\u010de Semy\u010de"},"content":{"rendered":"\n<p>B\u011bhem mistrovstv\u00ed Zakarpatska v kickboxingu z\u00e1stupci nevl\u00e1dn\u00ed organizace \u201eMezin\u00e1rodn\u00ed diplomatick\u00e1 humanit\u00e1rn\u00ed mise\u201c OBSE \u2013 konkr\u00e9tn\u011b Oleksandr Popovi\u010d, Ivan Korpo\u0161, Jurij Adajev a Serhij Lovas \u2013 ocenili zaslou\u017eil\u00e9ho tren\u00e9ra ukrajinsk\u00e9 reprezentace a prezidenta Zakarpatsk\u00e9 federace kickboxingu WAKO, Oleksandra Ivanovy\u010de Semy\u010de, za jeho neoceniteln\u00fd p\u0159\u00ednos k rozvoji kickboxingu a v\u00fdchov\u011b ml\u00e1de\u017ee!<\/p>\n\n\n\n<figure class=\"wp-block-image size-full\"><img loading=\"lazy\" decoding=\"async\" width=\"1280\" height=\"960\" src=\"https:\/\/dipmission-osce.com\/wp-content\/uploads\/2025\/03\/448907080_1735238497306484_3791555671004830140_n.jpg\" alt=\"\" class=\"wp-image-450\" srcset=\"https:\/\/dipmission-osce.com\/wp-content\/uploads\/2025\/03\/448907080_1735238497306484_3791555671004830140_n.jpg 1280w, https:\/\/dipmission-osce.com\/wp-content\/uploads\/2025\/03\/448907080_1735238497306484_3791555671004830140_n-300x225.jpg 300w, https:\/\/dipmission-osce.com\/wp-content\/uploads\/2025\/03\/448907080_1735238497306484_3791555671004830140_n-1024x768.jpg 1024w, https:\/\/dipmission-osce.com\/wp-content\/uploads\/2025\/03\/448907080_1735238497306484_3791555671004830140_n-768x576.jpg 768w\" sizes=\"auto, (max-width: 1280px) 100vw, 1280px\" \/><\/figure>\n","protected":false},"excerpt":{"rendered":"<p>B\u011bhem mistrovstv\u00ed Zakarpatska v kickboxingu z\u00e1stupci nevl\u00e1dn\u00ed organizace \u201eMezin\u00e1rodn\u00ed diplomatick\u00e1 humanit\u00e1rn\u00ed mise\u201c OBSE \u2013 konkr\u00e9tn\u011b Oleksandr Popovi\u010d, Ivan Korpo\u0161, Jurij Adajev a Serhij Lovas \u2013 ocenili zaslou\u017eil\u00e9ho tren\u00e9ra ukrajinsk\u00e9 reprezentace a prezidenta Zakarpatsk\u00e9 federace kickboxingu WAKO, Oleksandra Ivanovy\u010de Semy\u010de, za jeho neoceniteln\u00fd p\u0159\u00ednos k rozvoji kickboxingu a v\u00fdchov\u011b ml\u00e1de\u017ee!<\/p>\n","protected":false},"author":1,"featured_media":1988,"comment_status":"open","ping_status":"open","sticky":false,"template":"","format":"standard","meta":{"inline_featured_image":false,"footnotes":""},"categories":[11],"tags":[],"class_list":["post-1987","post","type-post","status-publish","format-standard","has-post-thumbnail","hentry","category-bez-kategoriyi"],"acf":[],"yoast_head":"<!-- This site is optimized with the Yoast SEO plugin v25.6 - https:\/\/yoast.com\/wordpress\/plugins\/seo\/ -->\n<title>Ocen\u011bn\u00ed zaslou\u017eil\u00e9ho tren\u00e9ra ukrajinsk\u00e9 reprezentace a prezidenta Zakarpatsk\u00e9 federace kickboxingu WAKO \u2013 Oleksandra Ivanovy\u010de Semy\u010de | OSCE IDHM<\/title>\n<meta name=\"robots\" content=\"index, follow, max-snippet:-1, max-image-preview:large, max-video-preview:-1\" \/>\n<link rel=\"canonical\" href=\"https:\/\/dipmission-osce.com\/cs\/polskyj-lider-tusk-planuye-zaproponuvaty-vijskovu-pidgotovku-vsim-polskym-cholovikam-2\/\" \/>\n<meta property=\"og:locale\" content=\"cs_CZ\" \/>\n<meta property=\"og:type\" content=\"article\" \/>\n<meta property=\"og:title\" content=\"Ocen\u011bn\u00ed zaslou\u017eil\u00e9ho tren\u00e9ra ukrajinsk\u00e9 reprezentace a prezidenta Zakarpatsk\u00e9 federace kickboxingu WAKO \u2013 Oleksandra Ivanovy\u010de Semy\u010de | OSCE IDHM\" \/>\n<meta property=\"og:description\" content=\"B\u011bhem mistrovstv\u00ed Zakarpatska v kickboxingu z\u00e1stupci nevl\u00e1dn\u00ed organizace \u201eMezin\u00e1rodn\u00ed diplomatick\u00e1 humanit\u00e1rn\u00ed mise\u201c OBSE \u2013 konkr\u00e9tn\u011b Oleksandr Popovi\u010d, Ivan Korpo\u0161, Jurij Adajev a Serhij Lovas \u2013 ocenili zaslou\u017eil\u00e9ho tren\u00e9ra ukrajinsk\u00e9 reprezentace a prezidenta Zakarpatsk\u00e9 federace kickboxingu WAKO, Oleksandra Ivanovy\u010de Semy\u010de, za jeho neoceniteln\u00fd p\u0159\u00ednos k rozvoji kickboxingu a v\u00fdchov\u011b ml\u00e1de\u017ee!\" \/>\n<meta property=\"og:url\" content=\"https:\/\/dipmission-osce.com\/cs\/polskyj-lider-tusk-planuye-zaproponuvaty-vijskovu-pidgotovku-vsim-polskym-cholovikam-2\/\" \/>\n<meta property=\"og:site_name\" content=\"OSCE IDHM\" \/>\n<meta property=\"article:publisher\" content=\"https:\/\/www.facebook.com\/groups\/1056799551716288\" \/>\n<meta property=\"article:published_time\" content=\"2024-06-22T12:30:00+00:00\" \/>\n<meta property=\"article:modified_time\" content=\"2025-11-06T19:26:08+00:00\" \/>\n<meta property=\"og:image\" content=\"https:\/\/dipmission-osce.com\/wp-content\/uploads\/2025\/03\/448907080_1735238497306484_3791555671004830140_n.jpg\" \/>\n\t<meta property=\"og:image:width\" content=\"1280\" \/>\n\t<meta property=\"og:image:height\" content=\"960\" \/>\n\t<meta property=\"og:image:type\" content=\"image\/jpeg\" \/>\n<meta name=\"author\" content=\"admin\" \/>\n<meta name=\"twitter:card\" content=\"summary_large_image\" \/>\n<meta name=\"twitter:label1\" content=\"Napsal(a)\" \/>\n\t<meta name=\"twitter:data1\" content=\"admin\" \/>\n\t<meta name=\"twitter:label2\" content=\"Odhadovan\u00e1 doba \u010dten\u00ed\" \/>\n\t<meta name=\"twitter:data2\" content=\"1 minuta\" \/>\n<script type=\"application\/ld+json\" class=\"yoast-schema-graph\">{\"@context\":\"https:\/\/schema.org\",\"@graph\":[{\"@type\":\"Article\",\"@id\":\"https:\/\/dipmission-osce.com\/cs\/polskyj-lider-tusk-planuye-zaproponuvaty-vijskovu-pidgotovku-vsim-polskym-cholovikam-2\/#article\",\"isPartOf\":{\"@id\":\"https:\/\/dipmission-osce.com\/cs\/polskyj-lider-tusk-planuye-zaproponuvaty-vijskovu-pidgotovku-vsim-polskym-cholovikam-2\/\"},\"author\":{\"name\":\"admin\",\"@id\":\"https:\/\/dipmission-osce.com\/cs\/#\/schema\/person\/64ee51e1e4edcd45bfb312fb9c9de2ca\"},\"headline\":\"Ocen\u011bn\u00ed zaslou\u017eil\u00e9ho tren\u00e9ra ukrajinsk\u00e9 reprezentace a prezidenta Zakarpatsk\u00e9 federace kickboxingu WAKO \u2013 Oleksandra Ivanovy\u010de Semy\u010de\",\"datePublished\":\"2024-06-22T12:30:00+00:00\",\"dateModified\":\"2025-11-06T19:26:08+00:00\",\"mainEntityOfPage\":{\"@id\":\"https:\/\/dipmission-osce.com\/cs\/polskyj-lider-tusk-planuye-zaproponuvaty-vijskovu-pidgotovku-vsim-polskym-cholovikam-2\/\"},\"wordCount\":82,\"commentCount\":0,\"publisher\":{\"@id\":\"https:\/\/dipmission-osce.com\/cs\/#organization\"},\"image\":{\"@id\":\"https:\/\/dipmission-osce.com\/cs\/polskyj-lider-tusk-planuye-zaproponuvaty-vijskovu-pidgotovku-vsim-polskym-cholovikam-2\/#primaryimage\"},\"thumbnailUrl\":\"https:\/\/dipmission-osce.com\/wp-content\/uploads\/2025\/03\/448907080_1735238497306484_3791555671004830140_n.jpg\",\"articleSection\":[\"D\u016fle\u017eit\u00e9\"],\"inLanguage\":\"cs\",\"potentialAction\":[{\"@type\":\"CommentAction\",\"name\":\"Comment\",\"target\":[\"https:\/\/dipmission-osce.com\/cs\/polskyj-lider-tusk-planuye-zaproponuvaty-vijskovu-pidgotovku-vsim-polskym-cholovikam-2\/#respond\"]}]},{\"@type\":\"WebPage\",\"@id\":\"https:\/\/dipmission-osce.com\/cs\/polskyj-lider-tusk-planuye-zaproponuvaty-vijskovu-pidgotovku-vsim-polskym-cholovikam-2\/\",\"url\":\"https:\/\/dipmission-osce.com\/cs\/polskyj-lider-tusk-planuye-zaproponuvaty-vijskovu-pidgotovku-vsim-polskym-cholovikam-2\/\",\"name\":\"Ocen\u011bn\u00ed zaslou\u017eil\u00e9ho tren\u00e9ra ukrajinsk\u00e9 reprezentace a prezidenta Zakarpatsk\u00e9 federace kickboxingu WAKO \u2013 Oleksandra Ivanovy\u010de Semy\u010de | OSCE IDHM\",\"isPartOf\":{\"@id\":\"https:\/\/dipmission-osce.com\/cs\/#website\"},\"primaryImageOfPage\":{\"@id\":\"https:\/\/dipmission-osce.com\/cs\/polskyj-lider-tusk-planuye-zaproponuvaty-vijskovu-pidgotovku-vsim-polskym-cholovikam-2\/#primaryimage\"},\"image\":{\"@id\":\"https:\/\/dipmission-osce.com\/cs\/polskyj-lider-tusk-planuye-zaproponuvaty-vijskovu-pidgotovku-vsim-polskym-cholovikam-2\/#primaryimage\"},\"thumbnailUrl\":\"https:\/\/dipmission-osce.com\/wp-content\/uploads\/2025\/03\/448907080_1735238497306484_3791555671004830140_n.jpg\",\"datePublished\":\"2024-06-22T12:30:00+00:00\",\"dateModified\":\"2025-11-06T19:26:08+00:00\",\"breadcrumb\":{\"@id\":\"https:\/\/dipmission-osce.com\/cs\/polskyj-lider-tusk-planuye-zaproponuvaty-vijskovu-pidgotovku-vsim-polskym-cholovikam-2\/#breadcrumb\"},\"inLanguage\":\"cs\",\"potentialAction\":[{\"@type\":\"ReadAction\",\"target\":[\"https:\/\/dipmission-osce.com\/cs\/polskyj-lider-tusk-planuye-zaproponuvaty-vijskovu-pidgotovku-vsim-polskym-cholovikam-2\/\"]}]},{\"@type\":\"ImageObject\",\"inLanguage\":\"cs\",\"@id\":\"https:\/\/dipmission-osce.com\/cs\/polskyj-lider-tusk-planuye-zaproponuvaty-vijskovu-pidgotovku-vsim-polskym-cholovikam-2\/#primaryimage\",\"url\":\"https:\/\/dipmission-osce.com\/wp-content\/uploads\/2025\/03\/448907080_1735238497306484_3791555671004830140_n.jpg\",\"contentUrl\":\"https:\/\/dipmission-osce.com\/wp-content\/uploads\/2025\/03\/448907080_1735238497306484_3791555671004830140_n.jpg\",\"width\":1280,\"height\":960},{\"@type\":\"BreadcrumbList\",\"@id\":\"https:\/\/dipmission-osce.com\/cs\/polskyj-lider-tusk-planuye-zaproponuvaty-vijskovu-pidgotovku-vsim-polskym-cholovikam-2\/#breadcrumb\",\"itemListElement\":[{\"@type\":\"ListItem\",\"position\":1,\"name\":\"\u0413\u043e\u043b\u043e\u0432\u043d\u0430\",\"item\":\"https:\/\/dipmission-osce.com\/cs\/\"},{\"@type\":\"ListItem\",\"position\":2,\"name\":\"Ocen\u011bn\u00ed zaslou\u017eil\u00e9ho tren\u00e9ra ukrajinsk\u00e9 reprezentace a prezidenta Zakarpatsk\u00e9 federace kickboxingu WAKO \u2013 Oleksandra Ivanovy\u010de Semy\u010de\"}]},{\"@type\":\"WebSite\",\"@id\":\"https:\/\/dipmission-osce.com\/cs\/#website\",\"url\":\"https:\/\/dipmission-osce.com\/cs\/\",\"name\":\"OSCE IDHM\",\"description\":\"Dipmission OSCE\",\"publisher\":{\"@id\":\"https:\/\/dipmission-osce.com\/cs\/#organization\"},\"alternateName\":\"OSCE IDHM\",\"potentialAction\":[{\"@type\":\"SearchAction\",\"target\":{\"@type\":\"EntryPoint\",\"urlTemplate\":\"https:\/\/dipmission-osce.com\/cs\/?s={search_term_string}\"},\"query-input\":{\"@type\":\"PropertyValueSpecification\",\"valueRequired\":true,\"valueName\":\"search_term_string\"}}],\"inLanguage\":\"cs\"},{\"@type\":\"Organization\",\"@id\":\"https:\/\/dipmission-osce.com\/cs\/#organization\",\"name\":\"Dipmission OSCE\",\"url\":\"https:\/\/dipmission-osce.com\/cs\/\",\"logo\":{\"@type\":\"ImageObject\",\"inLanguage\":\"cs\",\"@id\":\"https:\/\/dipmission-osce.com\/cs\/#\/schema\/logo\/image\/\",\"url\":\"https:\/\/dipmission-osce.com\/wp-content\/uploads\/2025\/07\/featured-image-dipmission-osce.png\",\"contentUrl\":\"https:\/\/dipmission-osce.com\/wp-content\/uploads\/2025\/07\/featured-image-dipmission-osce.png\",\"width\":1200,\"height\":675,\"caption\":\"Dipmission OSCE\"},\"image\":{\"@id\":\"https:\/\/dipmission-osce.com\/cs\/#\/schema\/logo\/image\/\"},\"sameAs\":[\"https:\/\/www.facebook.com\/groups\/1056799551716288\"]},{\"@type\":\"Person\",\"@id\":\"https:\/\/dipmission-osce.com\/cs\/#\/schema\/person\/64ee51e1e4edcd45bfb312fb9c9de2ca\",\"name\":\"admin\",\"image\":{\"@type\":\"ImageObject\",\"inLanguage\":\"cs\",\"@id\":\"https:\/\/dipmission-osce.com\/cs\/#\/schema\/person\/image\/\",\"url\":\"https:\/\/secure.gravatar.com\/avatar\/473f9681549688bcd731b8a9535f18e76c06ab27390be84d91d8917d988d5296?s=96&d=mm&r=g\",\"contentUrl\":\"https:\/\/secure.gravatar.com\/avatar\/473f9681549688bcd731b8a9535f18e76c06ab27390be84d91d8917d988d5296?s=96&d=mm&r=g\",\"caption\":\"admin\"},\"sameAs\":[\"https:\/\/dipmission-osce.com\"]}]}<\/script>\n<!-- \/ Yoast SEO plugin. -->","yoast_head_json":{"title":"Ocen\u011bn\u00ed zaslou\u017eil\u00e9ho tren\u00e9ra ukrajinsk\u00e9 reprezentace a prezidenta Zakarpatsk\u00e9 federace kickboxingu WAKO \u2013 Oleksandra Ivanovy\u010de Semy\u010de | OSCE IDHM","robots":{"index":"index","follow":"follow","max-snippet":"max-snippet:-1","max-image-preview":"max-image-preview:large","max-video-preview":"max-video-preview:-1"},"canonical":"https:\/\/dipmission-osce.com\/cs\/polskyj-lider-tusk-planuye-zaproponuvaty-vijskovu-pidgotovku-vsim-polskym-cholovikam-2\/","og_locale":"cs_CZ","og_type":"article","og_title":"Ocen\u011bn\u00ed zaslou\u017eil\u00e9ho tren\u00e9ra ukrajinsk\u00e9 reprezentace a prezidenta Zakarpatsk\u00e9 federace kickboxingu WAKO \u2013 Oleksandra Ivanovy\u010de Semy\u010de | OSCE IDHM","og_description":"B\u011bhem mistrovstv\u00ed Zakarpatska v kickboxingu z\u00e1stupci nevl\u00e1dn\u00ed organizace \u201eMezin\u00e1rodn\u00ed diplomatick\u00e1 humanit\u00e1rn\u00ed mise\u201c OBSE \u2013 konkr\u00e9tn\u011b Oleksandr Popovi\u010d, Ivan Korpo\u0161, Jurij Adajev a Serhij Lovas \u2013 ocenili zaslou\u017eil\u00e9ho tren\u00e9ra ukrajinsk\u00e9 reprezentace a prezidenta Zakarpatsk\u00e9 federace kickboxingu WAKO, Oleksandra Ivanovy\u010de Semy\u010de, za jeho neoceniteln\u00fd p\u0159\u00ednos k rozvoji kickboxingu a v\u00fdchov\u011b ml\u00e1de\u017ee!","og_url":"https:\/\/dipmission-osce.com\/cs\/polskyj-lider-tusk-planuye-zaproponuvaty-vijskovu-pidgotovku-vsim-polskym-cholovikam-2\/","og_site_name":"OSCE IDHM","article_publisher":"https:\/\/www.facebook.com\/groups\/1056799551716288","article_published_time":"2024-06-22T12:30:00+00:00","article_modified_time":"2025-11-06T19:26:08+00:00","og_image":[{"width":1280,"height":960,"url":"https:\/\/dipmission-osce.com\/wp-content\/uploads\/2025\/03\/448907080_1735238497306484_3791555671004830140_n.jpg","type":"image\/jpeg"}],"author":"admin","twitter_card":"summary_large_image","twitter_misc":{"Napsal(a)":"admin","Odhadovan\u00e1 doba \u010dten\u00ed":"1 minuta"},"schema":{"@context":"https:\/\/schema.org","@graph":[{"@type":"Article","@id":"https:\/\/dipmission-osce.com\/cs\/polskyj-lider-tusk-planuye-zaproponuvaty-vijskovu-pidgotovku-vsim-polskym-cholovikam-2\/#article","isPartOf":{"@id":"https:\/\/dipmission-osce.com\/cs\/polskyj-lider-tusk-planuye-zaproponuvaty-vijskovu-pidgotovku-vsim-polskym-cholovikam-2\/"},"author":{"name":"admin","@id":"https:\/\/dipmission-osce.com\/cs\/#\/schema\/person\/64ee51e1e4edcd45bfb312fb9c9de2ca"},"headline":"Ocen\u011bn\u00ed zaslou\u017eil\u00e9ho tren\u00e9ra ukrajinsk\u00e9 reprezentace a prezidenta Zakarpatsk\u00e9 federace kickboxingu WAKO \u2013 Oleksandra Ivanovy\u010de Semy\u010de","datePublished":"2024-06-22T12:30:00+00:00","dateModified":"2025-11-06T19:26:08+00:00","mainEntityOfPage":{"@id":"https:\/\/dipmission-osce.com\/cs\/polskyj-lider-tusk-planuye-zaproponuvaty-vijskovu-pidgotovku-vsim-polskym-cholovikam-2\/"},"wordCount":82,"commentCount":0,"publisher":{"@id":"https:\/\/dipmission-osce.com\/cs\/#organization"},"image":{"@id":"https:\/\/dipmission-osce.com\/cs\/polskyj-lider-tusk-planuye-zaproponuvaty-vijskovu-pidgotovku-vsim-polskym-cholovikam-2\/#primaryimage"},"thumbnailUrl":"https:\/\/dipmission-osce.com\/wp-content\/uploads\/2025\/03\/448907080_1735238497306484_3791555671004830140_n.jpg","articleSection":["D\u016fle\u017eit\u00e9"],"inLanguage":"cs","potentialAction":[{"@type":"CommentAction","name":"Comment","target":["https:\/\/dipmission-osce.com\/cs\/polskyj-lider-tusk-planuye-zaproponuvaty-vijskovu-pidgotovku-vsim-polskym-cholovikam-2\/#respond"]}]},{"@type":"WebPage","@id":"https:\/\/dipmission-osce.com\/cs\/polskyj-lider-tusk-planuye-zaproponuvaty-vijskovu-pidgotovku-vsim-polskym-cholovikam-2\/","url":"https:\/\/dipmission-osce.com\/cs\/polskyj-lider-tusk-planuye-zaproponuvaty-vijskovu-pidgotovku-vsim-polskym-cholovikam-2\/","name":"Ocen\u011bn\u00ed zaslou\u017eil\u00e9ho tren\u00e9ra ukrajinsk\u00e9 reprezentace a prezidenta Zakarpatsk\u00e9 federace kickboxingu WAKO \u2013 Oleksandra Ivanovy\u010de Semy\u010de | OSCE IDHM","isPartOf":{"@id":"https:\/\/dipmission-osce.com\/cs\/#website"},"primaryImageOfPage":{"@id":"https:\/\/dipmission-osce.com\/cs\/polskyj-lider-tusk-planuye-zaproponuvaty-vijskovu-pidgotovku-vsim-polskym-cholovikam-2\/#primaryimage"},"image":{"@id":"https:\/\/dipmission-osce.com\/cs\/polskyj-lider-tusk-planuye-zaproponuvaty-vijskovu-pidgotovku-vsim-polskym-cholovikam-2\/#primaryimage"},"thumbnailUrl":"https:\/\/dipmission-osce.com\/wp-content\/uploads\/2025\/03\/448907080_1735238497306484_3791555671004830140_n.jpg","datePublished":"2024-06-22T12:30:00+00:00","dateModified":"2025-11-06T19:26:08+00:00","breadcrumb":{"@id":"https:\/\/dipmission-osce.com\/cs\/polskyj-lider-tusk-planuye-zaproponuvaty-vijskovu-pidgotovku-vsim-polskym-cholovikam-2\/#breadcrumb"},"inLanguage":"cs","potentialAction":[{"@type":"ReadAction","target":["https:\/\/dipmission-osce.com\/cs\/polskyj-lider-tusk-planuye-zaproponuvaty-vijskovu-pidgotovku-vsim-polskym-cholovikam-2\/"]}]},{"@type":"ImageObject","inLanguage":"cs","@id":"https:\/\/dipmission-osce.com\/cs\/polskyj-lider-tusk-planuye-zaproponuvaty-vijskovu-pidgotovku-vsim-polskym-cholovikam-2\/#primaryimage","url":"https:\/\/dipmission-osce.com\/wp-content\/uploads\/2025\/03\/448907080_1735238497306484_3791555671004830140_n.jpg","contentUrl":"https:\/\/dipmission-osce.com\/wp-content\/uploads\/2025\/03\/448907080_1735238497306484_3791555671004830140_n.jpg","width":1280,"height":960},{"@type":"BreadcrumbList","@id":"https:\/\/dipmission-osce.com\/cs\/polskyj-lider-tusk-planuye-zaproponuvaty-vijskovu-pidgotovku-vsim-polskym-cholovikam-2\/#breadcrumb","itemListElement":[{"@type":"ListItem","position":1,"name":"\u0413\u043e\u043b\u043e\u0432\u043d\u0430","item":"https:\/\/dipmission-osce.com\/cs\/"},{"@type":"ListItem","position":2,"name":"Ocen\u011bn\u00ed zaslou\u017eil\u00e9ho tren\u00e9ra ukrajinsk\u00e9 reprezentace a prezidenta Zakarpatsk\u00e9 federace kickboxingu WAKO \u2013 Oleksandra Ivanovy\u010de Semy\u010de"}]},{"@type":"WebSite","@id":"https:\/\/dipmission-osce.com\/cs\/#website","url":"https:\/\/dipmission-osce.com\/cs\/","name":"OSCE IDHM","description":"Dipmission OSCE","publisher":{"@id":"https:\/\/dipmission-osce.com\/cs\/#organization"},"alternateName":"OSCE IDHM","potentialAction":[{"@type":"SearchAction","target":{"@type":"EntryPoint","urlTemplate":"https:\/\/dipmission-osce.com\/cs\/?s={search_term_string}"},"query-input":{"@type":"PropertyValueSpecification","valueRequired":true,"valueName":"search_term_string"}}],"inLanguage":"cs"},{"@type":"Organization","@id":"https:\/\/dipmission-osce.com\/cs\/#organization","name":"Dipmission OSCE","url":"https:\/\/dipmission-osce.com\/cs\/","logo":{"@type":"ImageObject","inLanguage":"cs","@id":"https:\/\/dipmission-osce.com\/cs\/#\/schema\/logo\/image\/","url":"https:\/\/dipmission-osce.com\/wp-content\/uploads\/2025\/07\/featured-image-dipmission-osce.png","contentUrl":"https:\/\/dipmission-osce.com\/wp-content\/uploads\/2025\/07\/featured-image-dipmission-osce.png","width":1200,"height":675,"caption":"Dipmission OSCE"},"image":{"@id":"https:\/\/dipmission-osce.com\/cs\/#\/schema\/logo\/image\/"},"sameAs":["https:\/\/www.facebook.com\/groups\/1056799551716288"]},{"@type":"Person","@id":"https:\/\/dipmission-osce.com\/cs\/#\/schema\/person\/64ee51e1e4edcd45bfb312fb9c9de2ca","name":"admin","image":{"@type":"ImageObject","inLanguage":"cs","@id":"https:\/\/dipmission-osce.com\/cs\/#\/schema\/person\/image\/","url":"https:\/\/secure.gravatar.com\/avatar\/473f9681549688bcd731b8a9535f18e76c06ab27390be84d91d8917d988d5296?s=96&d=mm&r=g","contentUrl":"https:\/\/secure.gravatar.com\/avatar\/473f9681549688bcd731b8a9535f18e76c06ab27390be84d91d8917d988d5296?s=96&d=mm&r=g","caption":"admin"},"sameAs":["https:\/\/dipmission-osce.com"]}]}},"_links":{"self":[{"href":"https:\/\/dipmission-osce.com\/cs\/wp-json\/wp\/v2\/posts\/1987","targetHints":{"allow":["GET"]}}],"collection":[{"href":"https:\/\/dipmission-osce.com\/cs\/wp-json\/wp\/v2\/posts"}],"about":[{"href":"https:\/\/dipmission-osce.com\/cs\/wp-json\/wp\/v2\/types\/post"}],"author":[{"embeddable":true,"href":"https:\/\/dipmission-osce.com\/cs\/wp-json\/wp\/v2\/users\/1"}],"replies":[{"embeddable":true,"href":"https:\/\/dipmission-osce.com\/cs\/wp-json\/wp\/v2\/comments?post=1987"}],"version-history":[{"count":1,"href":"https:\/\/dipmission-osce.com\/cs\/wp-json\/wp\/v2\/posts\/1987\/revisions"}],"predecessor-version":[{"id":2678,"href":"https:\/\/dipmission-osce.com\/cs\/wp-json\/wp\/v2\/posts\/1987\/revisions\/2678"}],"wp:featuredmedia":[{"embeddable":true,"href":"https:\/\/dipmission-osce.com\/cs\/wp-json\/wp\/v2\/media\/1988"}],"wp:attachment":[{"href":"https:\/\/dipmission-osce.com\/cs\/wp-json\/wp\/v2\/media?parent=1987"}],"wp:term":[{"taxonomy":"category","embeddable":true,"href":"https:\/\/dipmission-osce.com\/cs\/wp-json\/wp\/v2\/categories?post=1987"},{"taxonomy":"post_tag","embeddable":true,"href":"https:\/\/dipmission-osce.com\/cs\/wp-json\/wp\/v2\/tags?post=1987"}],"curies":[{"name":"wp","href":"https:\/\/api.w.org\/{rel}","templated":true}]}}