{"id":1931,"date":"2025-04-24T13:32:33","date_gmt":"2025-04-24T13:32:33","guid":{"rendered":"https:\/\/dipmission-osce.com\/mizhnarodne-vyznannya-golova-misiyi-petro-shpuganych-predstavlyatyme-gvatemalu-v-ukrayini\/"},"modified":"2025-11-06T20:31:47","modified_gmt":"2025-11-06T20:31:47","slug":"mizhnarodne-vyznannya-golova-misiyi-petro-shpuganych-predstavlyatyme-gvatemalu-v-ukrayini","status":"publish","type":"post","link":"https:\/\/dipmission-osce.com\/cs\/mizhnarodne-vyznannya-golova-misiyi-petro-shpuganych-predstavlyatyme-gvatemalu-v-ukrayini\/","title":{"rendered":"Mezin\u00e1rodn\u00ed uzn\u00e1n\u00ed: p\u0159edseda mise Petro \u0160pugany\u010d bude zastupovat Guatemalu na Ukrajin\u011b"},"content":{"rendered":"\n<p><strong>P\u0159edseda nevl\u00e1dn\u00ed organizace \u201eMezin\u00e1rodn\u00ed diplomatick\u00e1 humanit\u00e1rn\u00ed mise\u201c OBSE na Ukrajin\u011b Petro \u0160pugany\u010d obdr\u017eel osv\u011bd\u010den\u00ed \u010cestn\u00e9ho konzul\u00e1tu Republiky Guatemala ve m\u011bst\u011b Kyjev na pozici ata\u0161\u00e9 pro obchodn\u00ed z\u00e1le\u017eitosti, jeho\u017e konzul\u00e1rn\u00ed obvod zahrnuje cel\u00e9 \u00fazem\u00ed Ukrajiny.<\/strong><\/p>\n\n\n\n<div style=\"height:12px\" aria-hidden=\"true\" class=\"wp-block-spacer\"><\/div>\n\n\n\n<p>Toto je mimo\u0159\u00e1dn\u011b v\u00fdznamn\u00fd \u00fasp\u011bch \u2014 d\u016fkaz mezin\u00e1rodn\u00edho uzn\u00e1n\u00ed, vysok\u00e9 d\u016fv\u011bry a \u00facty k jeho diplomatick\u00e9 a humanit\u00e1rn\u00ed \u010dinnosti.<\/p>\n\n\n\n<p>Petro \u0160pugany\u010d je \u010dlov\u011bk s nevy\u010derpatelnou energi\u00ed, hlubok\u00fdm pochopen\u00edm lidsk\u00fdch pot\u0159eb a up\u0159\u00edmnou snahou pom\u00e1hat. Jeho ka\u017edodenn\u00ed pr\u00e1ce je p\u0159\u00edkladem skute\u010dn\u00e9ho mezin\u00e1rodn\u00edho partnerstv\u00ed, humanismu a slu\u017eby lidem.<\/p>\n\n\n\n<p>Gratulujeme k tomuto \u010destn\u00e9mu posl\u00e1n\u00ed! P\u0159ejeme nov\u00e9 \u00fasp\u011bchy, s\u00edlu a inspiraci ve v\u0161ech budouc\u00edch aktivit\u00e1ch!<\/p>\n\n\n\n<figure class=\"wp-block-gallery has-nested-images columns-default is-cropped wp-block-gallery-1 is-layout-flex wp-block-gallery-is-layout-flex\">\n<figure class=\"wp-block-image size-large\"><img loading=\"lazy\" decoding=\"async\" width=\"768\" height=\"1024\" data-id=\"1211\" src=\"https:\/\/dipmission-osce.com\/wp-content\/uploads\/2025\/05\/whatsapp-image-2025-05-10-at-15.52.39-768x1024.jpeg\" alt=\"\" class=\"wp-image-1211\" srcset=\"https:\/\/dipmission-osce.com\/wp-content\/uploads\/2025\/05\/whatsapp-image-2025-05-10-at-15.52.39-768x1024.jpeg 768w, https:\/\/dipmission-osce.com\/wp-content\/uploads\/2025\/05\/whatsapp-image-2025-05-10-at-15.52.39-225x300.jpeg 225w, https:\/\/dipmission-osce.com\/wp-content\/uploads\/2025\/05\/whatsapp-image-2025-05-10-at-15.52.39.jpeg 960w\" sizes=\"auto, (max-width: 768px) 100vw, 768px\" \/><\/figure>\n\n\n\n<figure class=\"wp-block-image size-large\"><img loading=\"lazy\" decoding=\"async\" width=\"768\" height=\"1024\" data-id=\"1213\" src=\"https:\/\/dipmission-osce.com\/wp-content\/uploads\/2025\/05\/whatsapp-image-2025-05-10-at-15.52.39-2-768x1024.jpeg\" alt=\"\" class=\"wp-image-1213\" srcset=\"https:\/\/dipmission-osce.com\/wp-content\/uploads\/2025\/05\/whatsapp-image-2025-05-10-at-15.52.39-2-768x1024.jpeg 768w, https:\/\/dipmission-osce.com\/wp-content\/uploads\/2025\/05\/whatsapp-image-2025-05-10-at-15.52.39-2-225x300.jpeg 225w, https:\/\/dipmission-osce.com\/wp-content\/uploads\/2025\/05\/whatsapp-image-2025-05-10-at-15.52.39-2.jpeg 960w\" sizes=\"auto, (max-width: 768px) 100vw, 768px\" \/><\/figure>\n<\/figure>\n","protected":false},"excerpt":{"rendered":"<p>P\u0159edseda nevl\u00e1dn\u00ed organizace \u201eMezin\u00e1rodn\u00ed diplomatick\u00e1 humanit\u00e1rn\u00ed mise\u201c OBSE na Ukrajin\u011b Petro \u0160pugany\u010d obdr\u017eel osv\u011bd\u010den\u00ed \u010cestn\u00e9ho konzul\u00e1tu Republiky Guatemala ve m\u011bst\u011b Kyjev na pozici ata\u0161\u00e9 pro obchodn\u00ed z\u00e1le\u017eitosti, jeho\u017e konzul\u00e1rn\u00ed obvod zahrnuje cel\u00e9 \u00fazem\u00ed Ukrajiny. Toto je mimo\u0159\u00e1dn\u011b v\u00fdznamn\u00fd \u00fasp\u011bch \u2014 d\u016fkaz mezin\u00e1rodn\u00edho uzn\u00e1n\u00ed, vysok\u00e9 d\u016fv\u011bry a \u00facty k jeho diplomatick\u00e9 a humanit\u00e1rn\u00ed \u010dinnosti. Petro \u0160pugany\u010d [&hellip;]<\/p>\n","protected":false},"author":1,"featured_media":1933,"comment_status":"open","ping_status":"open","sticky":false,"template":"","format":"standard","meta":{"inline_featured_image":false,"footnotes":""},"categories":[11],"tags":[],"class_list":["post-1931","post","type-post","status-publish","format-standard","has-post-thumbnail","hentry","category-bez-kategoriyi"],"acf":[],"yoast_head":"<!-- This site is optimized with the Yoast SEO plugin v25.6 - https:\/\/yoast.com\/wordpress\/plugins\/seo\/ -->\n<title>Mezin\u00e1rodn\u00ed uzn\u00e1n\u00ed: p\u0159edseda mise Petro \u0160pugany\u010d bude zastupovat Guatemalu na Ukrajin\u011b | OSCE IDHM<\/title>\n<meta name=\"robots\" content=\"index, follow, max-snippet:-1, max-image-preview:large, max-video-preview:-1\" \/>\n<link rel=\"canonical\" href=\"https:\/\/dipmission-osce.com\/cs\/mizhnarodne-vyznannya-golova-misiyi-petro-shpuganych-predstavlyatyme-gvatemalu-v-ukrayini\/\" \/>\n<meta property=\"og:locale\" content=\"cs_CZ\" \/>\n<meta property=\"og:type\" content=\"article\" \/>\n<meta property=\"og:title\" content=\"Mezin\u00e1rodn\u00ed uzn\u00e1n\u00ed: p\u0159edseda mise Petro \u0160pugany\u010d bude zastupovat Guatemalu na Ukrajin\u011b | OSCE IDHM\" \/>\n<meta property=\"og:description\" content=\"P\u0159edseda nevl\u00e1dn\u00ed organizace \u201eMezin\u00e1rodn\u00ed diplomatick\u00e1 humanit\u00e1rn\u00ed mise\u201c OBSE na Ukrajin\u011b Petro \u0160pugany\u010d obdr\u017eel osv\u011bd\u010den\u00ed \u010cestn\u00e9ho konzul\u00e1tu Republiky Guatemala ve m\u011bst\u011b Kyjev na pozici ata\u0161\u00e9 pro obchodn\u00ed z\u00e1le\u017eitosti, jeho\u017e konzul\u00e1rn\u00ed obvod zahrnuje cel\u00e9 \u00fazem\u00ed Ukrajiny. Toto je mimo\u0159\u00e1dn\u011b v\u00fdznamn\u00fd \u00fasp\u011bch \u2014 d\u016fkaz mezin\u00e1rodn\u00edho uzn\u00e1n\u00ed, vysok\u00e9 d\u016fv\u011bry a \u00facty k jeho diplomatick\u00e9 a humanit\u00e1rn\u00ed \u010dinnosti. Petro \u0160pugany\u010d [&hellip;]\" \/>\n<meta property=\"og:url\" content=\"https:\/\/dipmission-osce.com\/cs\/mizhnarodne-vyznannya-golova-misiyi-petro-shpuganych-predstavlyatyme-gvatemalu-v-ukrayini\/\" \/>\n<meta property=\"og:site_name\" content=\"OSCE IDHM\" \/>\n<meta property=\"article:publisher\" content=\"https:\/\/www.facebook.com\/groups\/1056799551716288\" \/>\n<meta property=\"article:published_time\" content=\"2025-04-24T13:32:33+00:00\" \/>\n<meta property=\"article:modified_time\" content=\"2025-11-06T20:31:47+00:00\" \/>\n<meta property=\"og:image\" content=\"https:\/\/dipmission-osce.com\/wp-content\/uploads\/2025\/04\/whatsapp-image-2025-05-10-at-15.52.07-2.jpg\" \/>\n\t<meta property=\"og:image:width\" content=\"1600\" \/>\n\t<meta property=\"og:image:height\" content=\"1200\" \/>\n\t<meta property=\"og:image:type\" content=\"image\/jpeg\" \/>\n<meta name=\"author\" content=\"admin\" \/>\n<meta name=\"twitter:card\" content=\"summary_large_image\" \/>\n<meta name=\"twitter:label1\" content=\"Napsal(a)\" \/>\n\t<meta name=\"twitter:data1\" content=\"admin\" \/>\n\t<meta name=\"twitter:label2\" content=\"Odhadovan\u00e1 doba \u010dten\u00ed\" \/>\n\t<meta name=\"twitter:data2\" content=\"2 minuty\" \/>\n<script type=\"application\/ld+json\" class=\"yoast-schema-graph\">{\"@context\":\"https:\/\/schema.org\",\"@graph\":[{\"@type\":\"Article\",\"@id\":\"https:\/\/dipmission-osce.com\/cs\/mizhnarodne-vyznannya-golova-misiyi-petro-shpuganych-predstavlyatyme-gvatemalu-v-ukrayini\/#article\",\"isPartOf\":{\"@id\":\"https:\/\/dipmission-osce.com\/cs\/mizhnarodne-vyznannya-golova-misiyi-petro-shpuganych-predstavlyatyme-gvatemalu-v-ukrayini\/\"},\"author\":{\"name\":\"admin\",\"@id\":\"https:\/\/dipmission-osce.com\/cs\/#\/schema\/person\/64ee51e1e4edcd45bfb312fb9c9de2ca\"},\"headline\":\"Mezin\u00e1rodn\u00ed uzn\u00e1n\u00ed: p\u0159edseda mise Petro \u0160pugany\u010d bude zastupovat Guatemalu na Ukrajin\u011b\",\"datePublished\":\"2025-04-24T13:32:33+00:00\",\"dateModified\":\"2025-11-06T20:31:47+00:00\",\"mainEntityOfPage\":{\"@id\":\"https:\/\/dipmission-osce.com\/cs\/mizhnarodne-vyznannya-golova-misiyi-petro-shpuganych-predstavlyatyme-gvatemalu-v-ukrayini\/\"},\"wordCount\":155,\"commentCount\":0,\"publisher\":{\"@id\":\"https:\/\/dipmission-osce.com\/cs\/#organization\"},\"image\":{\"@id\":\"https:\/\/dipmission-osce.com\/cs\/mizhnarodne-vyznannya-golova-misiyi-petro-shpuganych-predstavlyatyme-gvatemalu-v-ukrayini\/#primaryimage\"},\"thumbnailUrl\":\"https:\/\/dipmission-osce.com\/wp-content\/uploads\/2025\/04\/whatsapp-image-2025-05-10-at-15.52.07-2.jpg\",\"articleSection\":[\"D\u016fle\u017eit\u00e9\"],\"inLanguage\":\"cs\",\"potentialAction\":[{\"@type\":\"CommentAction\",\"name\":\"Comment\",\"target\":[\"https:\/\/dipmission-osce.com\/cs\/mizhnarodne-vyznannya-golova-misiyi-petro-shpuganych-predstavlyatyme-gvatemalu-v-ukrayini\/#respond\"]}]},{\"@type\":\"WebPage\",\"@id\":\"https:\/\/dipmission-osce.com\/cs\/mizhnarodne-vyznannya-golova-misiyi-petro-shpuganych-predstavlyatyme-gvatemalu-v-ukrayini\/\",\"url\":\"https:\/\/dipmission-osce.com\/cs\/mizhnarodne-vyznannya-golova-misiyi-petro-shpuganych-predstavlyatyme-gvatemalu-v-ukrayini\/\",\"name\":\"Mezin\u00e1rodn\u00ed uzn\u00e1n\u00ed: p\u0159edseda mise Petro \u0160pugany\u010d bude zastupovat Guatemalu na Ukrajin\u011b | OSCE IDHM\",\"isPartOf\":{\"@id\":\"https:\/\/dipmission-osce.com\/cs\/#website\"},\"primaryImageOfPage\":{\"@id\":\"https:\/\/dipmission-osce.com\/cs\/mizhnarodne-vyznannya-golova-misiyi-petro-shpuganych-predstavlyatyme-gvatemalu-v-ukrayini\/#primaryimage\"},\"image\":{\"@id\":\"https:\/\/dipmission-osce.com\/cs\/mizhnarodne-vyznannya-golova-misiyi-petro-shpuganych-predstavlyatyme-gvatemalu-v-ukrayini\/#primaryimage\"},\"thumbnailUrl\":\"https:\/\/dipmission-osce.com\/wp-content\/uploads\/2025\/04\/whatsapp-image-2025-05-10-at-15.52.07-2.jpg\",\"datePublished\":\"2025-04-24T13:32:33+00:00\",\"dateModified\":\"2025-11-06T20:31:47+00:00\",\"breadcrumb\":{\"@id\":\"https:\/\/dipmission-osce.com\/cs\/mizhnarodne-vyznannya-golova-misiyi-petro-shpuganych-predstavlyatyme-gvatemalu-v-ukrayini\/#breadcrumb\"},\"inLanguage\":\"cs\",\"potentialAction\":[{\"@type\":\"ReadAction\",\"target\":[\"https:\/\/dipmission-osce.com\/cs\/mizhnarodne-vyznannya-golova-misiyi-petro-shpuganych-predstavlyatyme-gvatemalu-v-ukrayini\/\"]}]},{\"@type\":\"ImageObject\",\"inLanguage\":\"cs\",\"@id\":\"https:\/\/dipmission-osce.com\/cs\/mizhnarodne-vyznannya-golova-misiyi-petro-shpuganych-predstavlyatyme-gvatemalu-v-ukrayini\/#primaryimage\",\"url\":\"https:\/\/dipmission-osce.com\/wp-content\/uploads\/2025\/04\/whatsapp-image-2025-05-10-at-15.52.07-2.jpg\",\"contentUrl\":\"https:\/\/dipmission-osce.com\/wp-content\/uploads\/2025\/04\/whatsapp-image-2025-05-10-at-15.52.07-2.jpg\",\"width\":1600,\"height\":1200},{\"@type\":\"BreadcrumbList\",\"@id\":\"https:\/\/dipmission-osce.com\/cs\/mizhnarodne-vyznannya-golova-misiyi-petro-shpuganych-predstavlyatyme-gvatemalu-v-ukrayini\/#breadcrumb\",\"itemListElement\":[{\"@type\":\"ListItem\",\"position\":1,\"name\":\"\u0413\u043e\u043b\u043e\u0432\u043d\u0430\",\"item\":\"https:\/\/dipmission-osce.com\/cs\/\"},{\"@type\":\"ListItem\",\"position\":2,\"name\":\"Mezin\u00e1rodn\u00ed uzn\u00e1n\u00ed: p\u0159edseda mise Petro \u0160pugany\u010d bude zastupovat Guatemalu na Ukrajin\u011b\"}]},{\"@type\":\"WebSite\",\"@id\":\"https:\/\/dipmission-osce.com\/cs\/#website\",\"url\":\"https:\/\/dipmission-osce.com\/cs\/\",\"name\":\"OSCE IDHM\",\"description\":\"Dipmission OSCE\",\"publisher\":{\"@id\":\"https:\/\/dipmission-osce.com\/cs\/#organization\"},\"alternateName\":\"OSCE IDHM\",\"potentialAction\":[{\"@type\":\"SearchAction\",\"target\":{\"@type\":\"EntryPoint\",\"urlTemplate\":\"https:\/\/dipmission-osce.com\/cs\/?s={search_term_string}\"},\"query-input\":{\"@type\":\"PropertyValueSpecification\",\"valueRequired\":true,\"valueName\":\"search_term_string\"}}],\"inLanguage\":\"cs\"},{\"@type\":\"Organization\",\"@id\":\"https:\/\/dipmission-osce.com\/cs\/#organization\",\"name\":\"Dipmission OSCE\",\"url\":\"https:\/\/dipmission-osce.com\/cs\/\",\"logo\":{\"@type\":\"ImageObject\",\"inLanguage\":\"cs\",\"@id\":\"https:\/\/dipmission-osce.com\/cs\/#\/schema\/logo\/image\/\",\"url\":\"https:\/\/dipmission-osce.com\/wp-content\/uploads\/2025\/07\/featured-image-dipmission-osce.png\",\"contentUrl\":\"https:\/\/dipmission-osce.com\/wp-content\/uploads\/2025\/07\/featured-image-dipmission-osce.png\",\"width\":1200,\"height\":675,\"caption\":\"Dipmission OSCE\"},\"image\":{\"@id\":\"https:\/\/dipmission-osce.com\/cs\/#\/schema\/logo\/image\/\"},\"sameAs\":[\"https:\/\/www.facebook.com\/groups\/1056799551716288\"]},{\"@type\":\"Person\",\"@id\":\"https:\/\/dipmission-osce.com\/cs\/#\/schema\/person\/64ee51e1e4edcd45bfb312fb9c9de2ca\",\"name\":\"admin\",\"image\":{\"@type\":\"ImageObject\",\"inLanguage\":\"cs\",\"@id\":\"https:\/\/dipmission-osce.com\/cs\/#\/schema\/person\/image\/\",\"url\":\"https:\/\/secure.gravatar.com\/avatar\/473f9681549688bcd731b8a9535f18e76c06ab27390be84d91d8917d988d5296?s=96&d=mm&r=g\",\"contentUrl\":\"https:\/\/secure.gravatar.com\/avatar\/473f9681549688bcd731b8a9535f18e76c06ab27390be84d91d8917d988d5296?s=96&d=mm&r=g\",\"caption\":\"admin\"},\"sameAs\":[\"https:\/\/dipmission-osce.com\"]}]}<\/script>\n<!-- \/ Yoast SEO plugin. -->","yoast_head_json":{"title":"Mezin\u00e1rodn\u00ed uzn\u00e1n\u00ed: p\u0159edseda mise Petro \u0160pugany\u010d bude zastupovat Guatemalu na Ukrajin\u011b | OSCE IDHM","robots":{"index":"index","follow":"follow","max-snippet":"max-snippet:-1","max-image-preview":"max-image-preview:large","max-video-preview":"max-video-preview:-1"},"canonical":"https:\/\/dipmission-osce.com\/cs\/mizhnarodne-vyznannya-golova-misiyi-petro-shpuganych-predstavlyatyme-gvatemalu-v-ukrayini\/","og_locale":"cs_CZ","og_type":"article","og_title":"Mezin\u00e1rodn\u00ed uzn\u00e1n\u00ed: p\u0159edseda mise Petro \u0160pugany\u010d bude zastupovat Guatemalu na Ukrajin\u011b | OSCE IDHM","og_description":"P\u0159edseda nevl\u00e1dn\u00ed organizace \u201eMezin\u00e1rodn\u00ed diplomatick\u00e1 humanit\u00e1rn\u00ed mise\u201c OBSE na Ukrajin\u011b Petro \u0160pugany\u010d obdr\u017eel osv\u011bd\u010den\u00ed \u010cestn\u00e9ho konzul\u00e1tu Republiky Guatemala ve m\u011bst\u011b Kyjev na pozici ata\u0161\u00e9 pro obchodn\u00ed z\u00e1le\u017eitosti, jeho\u017e konzul\u00e1rn\u00ed obvod zahrnuje cel\u00e9 \u00fazem\u00ed Ukrajiny. Toto je mimo\u0159\u00e1dn\u011b v\u00fdznamn\u00fd \u00fasp\u011bch \u2014 d\u016fkaz mezin\u00e1rodn\u00edho uzn\u00e1n\u00ed, vysok\u00e9 d\u016fv\u011bry a \u00facty k jeho diplomatick\u00e9 a humanit\u00e1rn\u00ed \u010dinnosti. Petro \u0160pugany\u010d [&hellip;]","og_url":"https:\/\/dipmission-osce.com\/cs\/mizhnarodne-vyznannya-golova-misiyi-petro-shpuganych-predstavlyatyme-gvatemalu-v-ukrayini\/","og_site_name":"OSCE IDHM","article_publisher":"https:\/\/www.facebook.com\/groups\/1056799551716288","article_published_time":"2025-04-24T13:32:33+00:00","article_modified_time":"2025-11-06T20:31:47+00:00","og_image":[{"width":1600,"height":1200,"url":"https:\/\/dipmission-osce.com\/wp-content\/uploads\/2025\/04\/whatsapp-image-2025-05-10-at-15.52.07-2.jpg","type":"image\/jpeg"}],"author":"admin","twitter_card":"summary_large_image","twitter_misc":{"Napsal(a)":"admin","Odhadovan\u00e1 doba \u010dten\u00ed":"2 minuty"},"schema":{"@context":"https:\/\/schema.org","@graph":[{"@type":"Article","@id":"https:\/\/dipmission-osce.com\/cs\/mizhnarodne-vyznannya-golova-misiyi-petro-shpuganych-predstavlyatyme-gvatemalu-v-ukrayini\/#article","isPartOf":{"@id":"https:\/\/dipmission-osce.com\/cs\/mizhnarodne-vyznannya-golova-misiyi-petro-shpuganych-predstavlyatyme-gvatemalu-v-ukrayini\/"},"author":{"name":"admin","@id":"https:\/\/dipmission-osce.com\/cs\/#\/schema\/person\/64ee51e1e4edcd45bfb312fb9c9de2ca"},"headline":"Mezin\u00e1rodn\u00ed uzn\u00e1n\u00ed: p\u0159edseda mise Petro \u0160pugany\u010d bude zastupovat Guatemalu na Ukrajin\u011b","datePublished":"2025-04-24T13:32:33+00:00","dateModified":"2025-11-06T20:31:47+00:00","mainEntityOfPage":{"@id":"https:\/\/dipmission-osce.com\/cs\/mizhnarodne-vyznannya-golova-misiyi-petro-shpuganych-predstavlyatyme-gvatemalu-v-ukrayini\/"},"wordCount":155,"commentCount":0,"publisher":{"@id":"https:\/\/dipmission-osce.com\/cs\/#organization"},"image":{"@id":"https:\/\/dipmission-osce.com\/cs\/mizhnarodne-vyznannya-golova-misiyi-petro-shpuganych-predstavlyatyme-gvatemalu-v-ukrayini\/#primaryimage"},"thumbnailUrl":"https:\/\/dipmission-osce.com\/wp-content\/uploads\/2025\/04\/whatsapp-image-2025-05-10-at-15.52.07-2.jpg","articleSection":["D\u016fle\u017eit\u00e9"],"inLanguage":"cs","potentialAction":[{"@type":"CommentAction","name":"Comment","target":["https:\/\/dipmission-osce.com\/cs\/mizhnarodne-vyznannya-golova-misiyi-petro-shpuganych-predstavlyatyme-gvatemalu-v-ukrayini\/#respond"]}]},{"@type":"WebPage","@id":"https:\/\/dipmission-osce.com\/cs\/mizhnarodne-vyznannya-golova-misiyi-petro-shpuganych-predstavlyatyme-gvatemalu-v-ukrayini\/","url":"https:\/\/dipmission-osce.com\/cs\/mizhnarodne-vyznannya-golova-misiyi-petro-shpuganych-predstavlyatyme-gvatemalu-v-ukrayini\/","name":"Mezin\u00e1rodn\u00ed uzn\u00e1n\u00ed: p\u0159edseda mise Petro \u0160pugany\u010d bude zastupovat Guatemalu na Ukrajin\u011b | OSCE IDHM","isPartOf":{"@id":"https:\/\/dipmission-osce.com\/cs\/#website"},"primaryImageOfPage":{"@id":"https:\/\/dipmission-osce.com\/cs\/mizhnarodne-vyznannya-golova-misiyi-petro-shpuganych-predstavlyatyme-gvatemalu-v-ukrayini\/#primaryimage"},"image":{"@id":"https:\/\/dipmission-osce.com\/cs\/mizhnarodne-vyznannya-golova-misiyi-petro-shpuganych-predstavlyatyme-gvatemalu-v-ukrayini\/#primaryimage"},"thumbnailUrl":"https:\/\/dipmission-osce.com\/wp-content\/uploads\/2025\/04\/whatsapp-image-2025-05-10-at-15.52.07-2.jpg","datePublished":"2025-04-24T13:32:33+00:00","dateModified":"2025-11-06T20:31:47+00:00","breadcrumb":{"@id":"https:\/\/dipmission-osce.com\/cs\/mizhnarodne-vyznannya-golova-misiyi-petro-shpuganych-predstavlyatyme-gvatemalu-v-ukrayini\/#breadcrumb"},"inLanguage":"cs","potentialAction":[{"@type":"ReadAction","target":["https:\/\/dipmission-osce.com\/cs\/mizhnarodne-vyznannya-golova-misiyi-petro-shpuganych-predstavlyatyme-gvatemalu-v-ukrayini\/"]}]},{"@type":"ImageObject","inLanguage":"cs","@id":"https:\/\/dipmission-osce.com\/cs\/mizhnarodne-vyznannya-golova-misiyi-petro-shpuganych-predstavlyatyme-gvatemalu-v-ukrayini\/#primaryimage","url":"https:\/\/dipmission-osce.com\/wp-content\/uploads\/2025\/04\/whatsapp-image-2025-05-10-at-15.52.07-2.jpg","contentUrl":"https:\/\/dipmission-osce.com\/wp-content\/uploads\/2025\/04\/whatsapp-image-2025-05-10-at-15.52.07-2.jpg","width":1600,"height":1200},{"@type":"BreadcrumbList","@id":"https:\/\/dipmission-osce.com\/cs\/mizhnarodne-vyznannya-golova-misiyi-petro-shpuganych-predstavlyatyme-gvatemalu-v-ukrayini\/#breadcrumb","itemListElement":[{"@type":"ListItem","position":1,"name":"\u0413\u043e\u043b\u043e\u0432\u043d\u0430","item":"https:\/\/dipmission-osce.com\/cs\/"},{"@type":"ListItem","position":2,"name":"Mezin\u00e1rodn\u00ed uzn\u00e1n\u00ed: p\u0159edseda mise Petro \u0160pugany\u010d bude zastupovat Guatemalu na Ukrajin\u011b"}]},{"@type":"WebSite","@id":"https:\/\/dipmission-osce.com\/cs\/#website","url":"https:\/\/dipmission-osce.com\/cs\/","name":"OSCE IDHM","description":"Dipmission OSCE","publisher":{"@id":"https:\/\/dipmission-osce.com\/cs\/#organization"},"alternateName":"OSCE IDHM","potentialAction":[{"@type":"SearchAction","target":{"@type":"EntryPoint","urlTemplate":"https:\/\/dipmission-osce.com\/cs\/?s={search_term_string}"},"query-input":{"@type":"PropertyValueSpecification","valueRequired":true,"valueName":"search_term_string"}}],"inLanguage":"cs"},{"@type":"Organization","@id":"https:\/\/dipmission-osce.com\/cs\/#organization","name":"Dipmission OSCE","url":"https:\/\/dipmission-osce.com\/cs\/","logo":{"@type":"ImageObject","inLanguage":"cs","@id":"https:\/\/dipmission-osce.com\/cs\/#\/schema\/logo\/image\/","url":"https:\/\/dipmission-osce.com\/wp-content\/uploads\/2025\/07\/featured-image-dipmission-osce.png","contentUrl":"https:\/\/dipmission-osce.com\/wp-content\/uploads\/2025\/07\/featured-image-dipmission-osce.png","width":1200,"height":675,"caption":"Dipmission OSCE"},"image":{"@id":"https:\/\/dipmission-osce.com\/cs\/#\/schema\/logo\/image\/"},"sameAs":["https:\/\/www.facebook.com\/groups\/1056799551716288"]},{"@type":"Person","@id":"https:\/\/dipmission-osce.com\/cs\/#\/schema\/person\/64ee51e1e4edcd45bfb312fb9c9de2ca","name":"admin","image":{"@type":"ImageObject","inLanguage":"cs","@id":"https:\/\/dipmission-osce.com\/cs\/#\/schema\/person\/image\/","url":"https:\/\/secure.gravatar.com\/avatar\/473f9681549688bcd731b8a9535f18e76c06ab27390be84d91d8917d988d5296?s=96&d=mm&r=g","contentUrl":"https:\/\/secure.gravatar.com\/avatar\/473f9681549688bcd731b8a9535f18e76c06ab27390be84d91d8917d988d5296?s=96&d=mm&r=g","caption":"admin"},"sameAs":["https:\/\/dipmission-osce.com"]}]}},"_links":{"self":[{"href":"https:\/\/dipmission-osce.com\/cs\/wp-json\/wp\/v2\/posts\/1931","targetHints":{"allow":["GET"]}}],"collection":[{"href":"https:\/\/dipmission-osce.com\/cs\/wp-json\/wp\/v2\/posts"}],"about":[{"href":"https:\/\/dipmission-osce.com\/cs\/wp-json\/wp\/v2\/types\/post"}],"author":[{"embeddable":true,"href":"https:\/\/dipmission-osce.com\/cs\/wp-json\/wp\/v2\/users\/1"}],"replies":[{"embeddable":true,"href":"https:\/\/dipmission-osce.com\/cs\/wp-json\/wp\/v2\/comments?post=1931"}],"version-history":[{"count":2,"href":"https:\/\/dipmission-osce.com\/cs\/wp-json\/wp\/v2\/posts\/1931\/revisions"}],"predecessor-version":[{"id":2846,"href":"https:\/\/dipmission-osce.com\/cs\/wp-json\/wp\/v2\/posts\/1931\/revisions\/2846"}],"wp:featuredmedia":[{"embeddable":true,"href":"https:\/\/dipmission-osce.com\/cs\/wp-json\/wp\/v2\/media\/1933"}],"wp:attachment":[{"href":"https:\/\/dipmission-osce.com\/cs\/wp-json\/wp\/v2\/media?parent=1931"}],"wp:term":[{"taxonomy":"category","embeddable":true,"href":"https:\/\/dipmission-osce.com\/cs\/wp-json\/wp\/v2\/categories?post=1931"},{"taxonomy":"post_tag","embeddable":true,"href":"https:\/\/dipmission-osce.com\/cs\/wp-json\/wp\/v2\/tags?post=1931"}],"curies":[{"name":"wp","href":"https:\/\/api.w.org\/{rel}","templated":true}]}}