{"id":1901,"date":"2025-06-30T20:07:11","date_gmt":"2025-06-30T20:07:11","guid":{"rendered":"https:\/\/dipmission-osce.com\/u-lvovi-startuvala-diyalnist-predstavnycztva-mizhnarodnoyi-dyplomatychnoyi-ta-gumanitarnoyi-misiyi-obsye\/"},"modified":"2025-11-06T20:13:37","modified_gmt":"2025-11-06T20:13:37","slug":"u-lvovi-startuvala-diyalnist-predstavnycztva-mizhnarodnoyi-dyplomatychnoyi-ta-gumanitarnoyi-misiyi-obsye","status":"publish","type":"post","link":"https:\/\/dipmission-osce.com\/cs\/u-lvovi-startuvala-diyalnist-predstavnycztva-mizhnarodnoyi-dyplomatychnoyi-ta-gumanitarnoyi-misiyi-obsye\/","title":{"rendered":"Ve Lvov\u011b byla zah\u00e1jena \u010dinnost zastoupen\u00ed Mezin\u00e1rodn\u00ed diplomatick\u00e9 a humanit\u00e1rn\u00ed mise OBSE"},"content":{"rendered":"\n<p>\u010cinnost mise byla zah\u00e1jena ve spolupr\u00e1ci s k\u0159es\u0165anskou kav\u00e1rnou \u201eVitanija\u201c, kter\u00e1 ji\u017e mnoho let organizuje stravov\u00e1n\u00ed pro pot\u0159ebn\u00e9. Nyn\u00ed se mise tak\u00e9 p\u0159ipojila k t\u00e9to u\u0161lechtil\u00e9 \u010dinnosti a zah\u00e1jila pravideln\u00e9 dod\u00e1vky potravin.<\/p>\n\n\n\n<p>Ka\u017ed\u00e9 \u00fater\u00fd se u chr\u00e1mu sv. Vladim\u00edra a Olgy bude konat v\u00fddej potravin pro soci\u00e1ln\u011b slab\u00e9 osoby a organizace jejich stravov\u00e1n\u00ed.<\/p>\n\n\n\n<p>Vyjad\u0159ujeme up\u0159\u00edmn\u00e9 pod\u011bkov\u00e1n\u00ed veden\u00ed kav\u00e1rny \u201eVitanija\u201c za u\u0161lechtilou iniciativu a za to, \u017ee n\u00e1m umo\u017enili aktivn\u011b se pod\u00edlet na t\u00e9to slu\u017eb\u011b.<\/p>\n\n\n\n<p>Tak\u00e9 d\u011bkujeme na\u0161im z\u00e1stupc\u016fm:<\/p>\n\n\n\n<p>Atilovi No\u010fovi \u2014 za poskytnut\u00e9 potraviny,<br>Juriji Basovi a kur\u00e1torovi Vasylu Zoreni \u2014 za organizaci humanit\u00e1rn\u00ed iniciativy,<br>a zvl\u00e1\u0161tn\u00ed pod\u011bkov\u00e1n\u00ed na\u0161emu partnerovi Andriju Vovkovi \u2014 za pomoc s dod\u00e1vkami a p\u0159epravou potravin.<\/p>\n\n\n\n<p>Spole\u010dn\u011b pracujeme na tom, abychom zaji\u0161\u0165ovali pot\u0159eby na\u0161eho regionu a poskytovali podporu t\u011bm, kte\u0159\u00ed ji nejv\u00edce pot\u0159ebuj\u00ed.<\/p>\n\n\n\n<figure class=\"wp-block-gallery has-nested-images columns-default is-cropped wp-block-gallery-1 is-layout-flex wp-block-gallery-is-layout-flex\">\n<figure class=\"wp-block-image size-large\"><img loading=\"lazy\" decoding=\"async\" width=\"1024\" height=\"768\" data-id=\"1418\" src=\"https:\/\/dipmission-osce.com\/wp-content\/uploads\/2025\/06\/img_4116-1024x768.jpg\" alt=\"\" class=\"wp-image-1418\" srcset=\"https:\/\/dipmission-osce.com\/wp-content\/uploads\/2025\/06\/img_4116-1024x768.jpg 1024w, https:\/\/dipmission-osce.com\/wp-content\/uploads\/2025\/06\/img_4116-300x225.jpg 300w, https:\/\/dipmission-osce.com\/wp-content\/uploads\/2025\/06\/img_4116-768x576.jpg 768w, https:\/\/dipmission-osce.com\/wp-content\/uploads\/2025\/06\/img_4116-1536x1152.jpg 1536w, https:\/\/dipmission-osce.com\/wp-content\/uploads\/2025\/06\/img_4116-2048x1536.jpg 2048w\" sizes=\"auto, (max-width: 1024px) 100vw, 1024px\" \/><\/figure>\n\n\n\n<figure class=\"wp-block-image size-large\"><img loading=\"lazy\" decoding=\"async\" width=\"768\" height=\"1024\" data-id=\"1414\" src=\"https:\/\/dipmission-osce.com\/wp-content\/uploads\/2025\/06\/img_4134-768x1024.jpg\" alt=\"\" class=\"wp-image-1414\" srcset=\"https:\/\/dipmission-osce.com\/wp-content\/uploads\/2025\/06\/img_4134-768x1024.jpg 768w, https:\/\/dipmission-osce.com\/wp-content\/uploads\/2025\/06\/img_4134-225x300.jpg 225w, https:\/\/dipmission-osce.com\/wp-content\/uploads\/2025\/06\/img_4134-1152x1536.jpg 1152w, https:\/\/dipmission-osce.com\/wp-content\/uploads\/2025\/06\/img_4134-1536x2048.jpg 1536w, https:\/\/dipmission-osce.com\/wp-content\/uploads\/2025\/06\/img_4134-scaled.jpg 1920w\" sizes=\"auto, (max-width: 768px) 100vw, 768px\" \/><\/figure>\n\n\n\n<figure class=\"wp-block-image size-large\"><img loading=\"lazy\" decoding=\"async\" width=\"1024\" height=\"768\" data-id=\"1416\" src=\"https:\/\/dipmission-osce.com\/wp-content\/uploads\/2025\/06\/img_4128-1024x768.jpg\" alt=\"\" class=\"wp-image-1416\" srcset=\"https:\/\/dipmission-osce.com\/wp-content\/uploads\/2025\/06\/img_4128-1024x768.jpg 1024w, https:\/\/dipmission-osce.com\/wp-content\/uploads\/2025\/06\/img_4128-300x225.jpg 300w, https:\/\/dipmission-osce.com\/wp-content\/uploads\/2025\/06\/img_4128-768x576.jpg 768w, https:\/\/dipmission-osce.com\/wp-content\/uploads\/2025\/06\/img_4128-1536x1152.jpg 1536w, https:\/\/dipmission-osce.com\/wp-content\/uploads\/2025\/06\/img_4128-2048x1536.jpg 2048w\" sizes=\"auto, (max-width: 1024px) 100vw, 1024px\" \/><\/figure>\n\n\n\n<figure class=\"wp-block-image size-large\"><img loading=\"lazy\" decoding=\"async\" width=\"846\" height=\"1024\" data-id=\"1426\" src=\"https:\/\/dipmission-osce.com\/wp-content\/uploads\/2025\/06\/img_4179-846x1024.jpg\" alt=\"\" class=\"wp-image-1426\" srcset=\"https:\/\/dipmission-osce.com\/wp-content\/uploads\/2025\/06\/img_4179-846x1024.jpg 846w, https:\/\/dipmission-osce.com\/wp-content\/uploads\/2025\/06\/img_4179-248x300.jpg 248w, https:\/\/dipmission-osce.com\/wp-content\/uploads\/2025\/06\/img_4179-768x930.jpg 768w, https:\/\/dipmission-osce.com\/wp-content\/uploads\/2025\/06\/img_4179-1268x1536.jpg 1268w, https:\/\/dipmission-osce.com\/wp-content\/uploads\/2025\/06\/img_4179-1691x2048.jpg 1691w\" sizes=\"auto, (max-width: 846px) 100vw, 846px\" \/><\/figure>\n\n\n\n<figure class=\"wp-block-image size-large\"><img loading=\"lazy\" decoding=\"async\" width=\"768\" height=\"1024\" data-id=\"1424\" src=\"https:\/\/dipmission-osce.com\/wp-content\/uploads\/2025\/06\/img_4150-768x1024.jpg\" alt=\"\" class=\"wp-image-1424\" srcset=\"https:\/\/dipmission-osce.com\/wp-content\/uploads\/2025\/06\/img_4150-768x1024.jpg 768w, https:\/\/dipmission-osce.com\/wp-content\/uploads\/2025\/06\/img_4150-225x300.jpg 225w, https:\/\/dipmission-osce.com\/wp-content\/uploads\/2025\/06\/img_4150-1152x1536.jpg 1152w, https:\/\/dipmission-osce.com\/wp-content\/uploads\/2025\/06\/img_4150-1536x2048.jpg 1536w, https:\/\/dipmission-osce.com\/wp-content\/uploads\/2025\/06\/img_4150-scaled.jpg 1920w\" sizes=\"auto, (max-width: 768px) 100vw, 768px\" \/><\/figure>\n\n\n\n<figure class=\"wp-block-image size-large\"><img loading=\"lazy\" decoding=\"async\" width=\"768\" height=\"1024\" data-id=\"1422\" src=\"https:\/\/dipmission-osce.com\/wp-content\/uploads\/2025\/06\/img_4166-768x1024.jpg\" alt=\"\" class=\"wp-image-1422\" srcset=\"https:\/\/dipmission-osce.com\/wp-content\/uploads\/2025\/06\/img_4166-768x1024.jpg 768w, https:\/\/dipmission-osce.com\/wp-content\/uploads\/2025\/06\/img_4166-225x300.jpg 225w, https:\/\/dipmission-osce.com\/wp-content\/uploads\/2025\/06\/img_4166-1152x1536.jpg 1152w, https:\/\/dipmission-osce.com\/wp-content\/uploads\/2025\/06\/img_4166-1536x2048.jpg 1536w, https:\/\/dipmission-osce.com\/wp-content\/uploads\/2025\/06\/img_4166-scaled.jpg 1920w\" sizes=\"auto, (max-width: 768px) 100vw, 768px\" \/><\/figure>\n\n\n\n<figure class=\"wp-block-image size-large\"><img loading=\"lazy\" decoding=\"async\" width=\"1024\" height=\"768\" data-id=\"1420\" src=\"https:\/\/dipmission-osce.com\/wp-content\/uploads\/2025\/06\/photo_2025-06-30_23-04-19-1024x768.jpg\" alt=\"\" class=\"wp-image-1420\" srcset=\"https:\/\/dipmission-osce.com\/wp-content\/uploads\/2025\/06\/photo_2025-06-30_23-04-19-1024x768.jpg 1024w, https:\/\/dipmission-osce.com\/wp-content\/uploads\/2025\/06\/photo_2025-06-30_23-04-19-300x225.jpg 300w, https:\/\/dipmission-osce.com\/wp-content\/uploads\/2025\/06\/photo_2025-06-30_23-04-19-768x576.jpg 768w, https:\/\/dipmission-osce.com\/wp-content\/uploads\/2025\/06\/photo_2025-06-30_23-04-19.jpg 1280w\" sizes=\"auto, (max-width: 1024px) 100vw, 1024px\" \/><\/figure>\n\n\n\n<figure class=\"wp-block-image size-large\"><img loading=\"lazy\" decoding=\"async\" width=\"1024\" height=\"881\" data-id=\"1428\" src=\"https:\/\/dipmission-osce.com\/wp-content\/uploads\/2025\/06\/img_4173-1024x881.jpg\" alt=\"\" class=\"wp-image-1428\" srcset=\"https:\/\/dipmission-osce.com\/wp-content\/uploads\/2025\/06\/img_4173-1024x881.jpg 1024w, https:\/\/dipmission-osce.com\/wp-content\/uploads\/2025\/06\/img_4173-300x258.jpg 300w, https:\/\/dipmission-osce.com\/wp-content\/uploads\/2025\/06\/img_4173-768x661.jpg 768w, https:\/\/dipmission-osce.com\/wp-content\/uploads\/2025\/06\/img_4173-1536x1321.jpg 1536w, https:\/\/dipmission-osce.com\/wp-content\/uploads\/2025\/06\/img_4173-2048x1762.jpg 2048w\" sizes=\"auto, (max-width: 1024px) 100vw, 1024px\" \/><\/figure>\n<\/figure>\n\n\n\n<figure class=\"wp-block-video\"><video height=\"1080\" style=\"aspect-ratio: 1920 \/ 1080;\" width=\"1920\" controls src=\"https:\/\/dipmission-osce.com\/wp-content\/uploads\/2025\/06\/img_4148.mov\"><\/video><\/figure>\n","protected":false},"excerpt":{"rendered":"<p>\u010cinnost mise byla zah\u00e1jena ve spolupr\u00e1ci s k\u0159es\u0165anskou kav\u00e1rnou \u201eVitanija\u201c, kter\u00e1 ji\u017e mnoho let organizuje stravov\u00e1n\u00ed pro pot\u0159ebn\u00e9. Nyn\u00ed se mise tak\u00e9 p\u0159ipojila k t\u00e9to u\u0161lechtil\u00e9 \u010dinnosti a zah\u00e1jila pravideln\u00e9 dod\u00e1vky potravin. Ka\u017ed\u00e9 \u00fater\u00fd se u chr\u00e1mu sv. Vladim\u00edra a Olgy bude konat v\u00fddej potravin pro soci\u00e1ln\u011b slab\u00e9 osoby a organizace jejich stravov\u00e1n\u00ed. Vyjad\u0159ujeme up\u0159\u00edmn\u00e9 [&hellip;]<\/p>\n","protected":false},"author":1,"featured_media":1903,"comment_status":"open","ping_status":"open","sticky":false,"template":"","format":"standard","meta":{"inline_featured_image":false,"footnotes":""},"categories":[11],"tags":[],"class_list":["post-1901","post","type-post","status-publish","format-standard","has-post-thumbnail","hentry","category-bez-kategoriyi"],"acf":[],"yoast_head":"<!-- This site is optimized with the Yoast SEO plugin v25.6 - https:\/\/yoast.com\/wordpress\/plugins\/seo\/ -->\n<title>Ve Lvov\u011b byla zah\u00e1jena \u010dinnost zastoupen\u00ed Mezin\u00e1rodn\u00ed diplomatick\u00e9 a humanit\u00e1rn\u00ed mise OBSE | OSCE IDHM<\/title>\n<meta name=\"robots\" content=\"index, follow, max-snippet:-1, max-image-preview:large, max-video-preview:-1\" \/>\n<link rel=\"canonical\" href=\"https:\/\/dipmission-osce.com\/cs\/u-lvovi-startuvala-diyalnist-predstavnycztva-mizhnarodnoyi-dyplomatychnoyi-ta-gumanitarnoyi-misiyi-obsye\/\" \/>\n<meta property=\"og:locale\" content=\"cs_CZ\" \/>\n<meta property=\"og:type\" content=\"article\" \/>\n<meta property=\"og:title\" content=\"Ve Lvov\u011b byla zah\u00e1jena \u010dinnost zastoupen\u00ed Mezin\u00e1rodn\u00ed diplomatick\u00e9 a humanit\u00e1rn\u00ed mise OBSE | OSCE IDHM\" \/>\n<meta property=\"og:description\" content=\"\u010cinnost mise byla zah\u00e1jena ve spolupr\u00e1ci s k\u0159es\u0165anskou kav\u00e1rnou \u201eVitanija\u201c, kter\u00e1 ji\u017e mnoho let organizuje stravov\u00e1n\u00ed pro pot\u0159ebn\u00e9. Nyn\u00ed se mise tak\u00e9 p\u0159ipojila k t\u00e9to u\u0161lechtil\u00e9 \u010dinnosti a zah\u00e1jila pravideln\u00e9 dod\u00e1vky potravin. Ka\u017ed\u00e9 \u00fater\u00fd se u chr\u00e1mu sv. Vladim\u00edra a Olgy bude konat v\u00fddej potravin pro soci\u00e1ln\u011b slab\u00e9 osoby a organizace jejich stravov\u00e1n\u00ed. Vyjad\u0159ujeme up\u0159\u00edmn\u00e9 [&hellip;]\" \/>\n<meta property=\"og:url\" content=\"https:\/\/dipmission-osce.com\/cs\/u-lvovi-startuvala-diyalnist-predstavnycztva-mizhnarodnoyi-dyplomatychnoyi-ta-gumanitarnoyi-misiyi-obsye\/\" \/>\n<meta property=\"og:site_name\" content=\"OSCE IDHM\" \/>\n<meta property=\"article:publisher\" content=\"https:\/\/www.facebook.com\/groups\/1056799551716288\" \/>\n<meta property=\"article:published_time\" content=\"2025-06-30T20:07:11+00:00\" \/>\n<meta property=\"article:modified_time\" content=\"2025-11-06T20:13:37+00:00\" \/>\n<meta property=\"og:image\" content=\"https:\/\/dipmission-osce.com\/wp-content\/uploads\/2025\/06\/img_4173-scaled.jpg\" \/>\n\t<meta property=\"og:image:width\" content=\"2560\" \/>\n\t<meta property=\"og:image:height\" content=\"2202\" \/>\n\t<meta property=\"og:image:type\" content=\"image\/jpeg\" \/>\n<meta name=\"author\" content=\"admin\" \/>\n<meta name=\"twitter:card\" content=\"summary_large_image\" \/>\n<meta name=\"twitter:label1\" content=\"Napsal(a)\" \/>\n\t<meta name=\"twitter:data1\" content=\"admin\" \/>\n\t<meta name=\"twitter:label2\" content=\"Odhadovan\u00e1 doba \u010dten\u00ed\" \/>\n\t<meta name=\"twitter:data2\" content=\"3 minuty\" \/>\n<script type=\"application\/ld+json\" class=\"yoast-schema-graph\">{\"@context\":\"https:\/\/schema.org\",\"@graph\":[{\"@type\":\"Article\",\"@id\":\"https:\/\/dipmission-osce.com\/cs\/u-lvovi-startuvala-diyalnist-predstavnycztva-mizhnarodnoyi-dyplomatychnoyi-ta-gumanitarnoyi-misiyi-obsye\/#article\",\"isPartOf\":{\"@id\":\"https:\/\/dipmission-osce.com\/cs\/u-lvovi-startuvala-diyalnist-predstavnycztva-mizhnarodnoyi-dyplomatychnoyi-ta-gumanitarnoyi-misiyi-obsye\/\"},\"author\":{\"name\":\"admin\",\"@id\":\"https:\/\/dipmission-osce.com\/cs\/#\/schema\/person\/64ee51e1e4edcd45bfb312fb9c9de2ca\"},\"headline\":\"Ve Lvov\u011b byla zah\u00e1jena \u010dinnost zastoupen\u00ed Mezin\u00e1rodn\u00ed diplomatick\u00e9 a humanit\u00e1rn\u00ed mise OBSE\",\"datePublished\":\"2025-06-30T20:07:11+00:00\",\"dateModified\":\"2025-11-06T20:13:37+00:00\",\"mainEntityOfPage\":{\"@id\":\"https:\/\/dipmission-osce.com\/cs\/u-lvovi-startuvala-diyalnist-predstavnycztva-mizhnarodnoyi-dyplomatychnoyi-ta-gumanitarnoyi-misiyi-obsye\/\"},\"wordCount\":188,\"commentCount\":0,\"publisher\":{\"@id\":\"https:\/\/dipmission-osce.com\/cs\/#organization\"},\"image\":{\"@id\":\"https:\/\/dipmission-osce.com\/cs\/u-lvovi-startuvala-diyalnist-predstavnycztva-mizhnarodnoyi-dyplomatychnoyi-ta-gumanitarnoyi-misiyi-obsye\/#primaryimage\"},\"thumbnailUrl\":\"https:\/\/dipmission-osce.com\/wp-content\/uploads\/2025\/06\/img_4173-scaled.jpg\",\"articleSection\":[\"D\u016fle\u017eit\u00e9\"],\"inLanguage\":\"cs\",\"potentialAction\":[{\"@type\":\"CommentAction\",\"name\":\"Comment\",\"target\":[\"https:\/\/dipmission-osce.com\/cs\/u-lvovi-startuvala-diyalnist-predstavnycztva-mizhnarodnoyi-dyplomatychnoyi-ta-gumanitarnoyi-misiyi-obsye\/#respond\"]}]},{\"@type\":\"WebPage\",\"@id\":\"https:\/\/dipmission-osce.com\/cs\/u-lvovi-startuvala-diyalnist-predstavnycztva-mizhnarodnoyi-dyplomatychnoyi-ta-gumanitarnoyi-misiyi-obsye\/\",\"url\":\"https:\/\/dipmission-osce.com\/cs\/u-lvovi-startuvala-diyalnist-predstavnycztva-mizhnarodnoyi-dyplomatychnoyi-ta-gumanitarnoyi-misiyi-obsye\/\",\"name\":\"Ve Lvov\u011b byla zah\u00e1jena \u010dinnost zastoupen\u00ed Mezin\u00e1rodn\u00ed diplomatick\u00e9 a humanit\u00e1rn\u00ed mise OBSE | OSCE IDHM\",\"isPartOf\":{\"@id\":\"https:\/\/dipmission-osce.com\/cs\/#website\"},\"primaryImageOfPage\":{\"@id\":\"https:\/\/dipmission-osce.com\/cs\/u-lvovi-startuvala-diyalnist-predstavnycztva-mizhnarodnoyi-dyplomatychnoyi-ta-gumanitarnoyi-misiyi-obsye\/#primaryimage\"},\"image\":{\"@id\":\"https:\/\/dipmission-osce.com\/cs\/u-lvovi-startuvala-diyalnist-predstavnycztva-mizhnarodnoyi-dyplomatychnoyi-ta-gumanitarnoyi-misiyi-obsye\/#primaryimage\"},\"thumbnailUrl\":\"https:\/\/dipmission-osce.com\/wp-content\/uploads\/2025\/06\/img_4173-scaled.jpg\",\"datePublished\":\"2025-06-30T20:07:11+00:00\",\"dateModified\":\"2025-11-06T20:13:37+00:00\",\"breadcrumb\":{\"@id\":\"https:\/\/dipmission-osce.com\/cs\/u-lvovi-startuvala-diyalnist-predstavnycztva-mizhnarodnoyi-dyplomatychnoyi-ta-gumanitarnoyi-misiyi-obsye\/#breadcrumb\"},\"inLanguage\":\"cs\",\"potentialAction\":[{\"@type\":\"ReadAction\",\"target\":[\"https:\/\/dipmission-osce.com\/cs\/u-lvovi-startuvala-diyalnist-predstavnycztva-mizhnarodnoyi-dyplomatychnoyi-ta-gumanitarnoyi-misiyi-obsye\/\"]}]},{\"@type\":\"ImageObject\",\"inLanguage\":\"cs\",\"@id\":\"https:\/\/dipmission-osce.com\/cs\/u-lvovi-startuvala-diyalnist-predstavnycztva-mizhnarodnoyi-dyplomatychnoyi-ta-gumanitarnoyi-misiyi-obsye\/#primaryimage\",\"url\":\"https:\/\/dipmission-osce.com\/wp-content\/uploads\/2025\/06\/img_4173-scaled.jpg\",\"contentUrl\":\"https:\/\/dipmission-osce.com\/wp-content\/uploads\/2025\/06\/img_4173-scaled.jpg\",\"width\":2560,\"height\":2202},{\"@type\":\"BreadcrumbList\",\"@id\":\"https:\/\/dipmission-osce.com\/cs\/u-lvovi-startuvala-diyalnist-predstavnycztva-mizhnarodnoyi-dyplomatychnoyi-ta-gumanitarnoyi-misiyi-obsye\/#breadcrumb\",\"itemListElement\":[{\"@type\":\"ListItem\",\"position\":1,\"name\":\"\u0413\u043e\u043b\u043e\u0432\u043d\u0430\",\"item\":\"https:\/\/dipmission-osce.com\/cs\/\"},{\"@type\":\"ListItem\",\"position\":2,\"name\":\"Ve Lvov\u011b byla zah\u00e1jena \u010dinnost zastoupen\u00ed Mezin\u00e1rodn\u00ed diplomatick\u00e9 a humanit\u00e1rn\u00ed mise OBSE\"}]},{\"@type\":\"WebSite\",\"@id\":\"https:\/\/dipmission-osce.com\/cs\/#website\",\"url\":\"https:\/\/dipmission-osce.com\/cs\/\",\"name\":\"OSCE IDHM\",\"description\":\"Dipmission OSCE\",\"publisher\":{\"@id\":\"https:\/\/dipmission-osce.com\/cs\/#organization\"},\"alternateName\":\"OSCE IDHM\",\"potentialAction\":[{\"@type\":\"SearchAction\",\"target\":{\"@type\":\"EntryPoint\",\"urlTemplate\":\"https:\/\/dipmission-osce.com\/cs\/?s={search_term_string}\"},\"query-input\":{\"@type\":\"PropertyValueSpecification\",\"valueRequired\":true,\"valueName\":\"search_term_string\"}}],\"inLanguage\":\"cs\"},{\"@type\":\"Organization\",\"@id\":\"https:\/\/dipmission-osce.com\/cs\/#organization\",\"name\":\"Dipmission OSCE\",\"url\":\"https:\/\/dipmission-osce.com\/cs\/\",\"logo\":{\"@type\":\"ImageObject\",\"inLanguage\":\"cs\",\"@id\":\"https:\/\/dipmission-osce.com\/cs\/#\/schema\/logo\/image\/\",\"url\":\"https:\/\/dipmission-osce.com\/wp-content\/uploads\/2025\/07\/featured-image-dipmission-osce.png\",\"contentUrl\":\"https:\/\/dipmission-osce.com\/wp-content\/uploads\/2025\/07\/featured-image-dipmission-osce.png\",\"width\":1200,\"height\":675,\"caption\":\"Dipmission OSCE\"},\"image\":{\"@id\":\"https:\/\/dipmission-osce.com\/cs\/#\/schema\/logo\/image\/\"},\"sameAs\":[\"https:\/\/www.facebook.com\/groups\/1056799551716288\"]},{\"@type\":\"Person\",\"@id\":\"https:\/\/dipmission-osce.com\/cs\/#\/schema\/person\/64ee51e1e4edcd45bfb312fb9c9de2ca\",\"name\":\"admin\",\"image\":{\"@type\":\"ImageObject\",\"inLanguage\":\"cs\",\"@id\":\"https:\/\/dipmission-osce.com\/cs\/#\/schema\/person\/image\/\",\"url\":\"https:\/\/secure.gravatar.com\/avatar\/473f9681549688bcd731b8a9535f18e76c06ab27390be84d91d8917d988d5296?s=96&d=mm&r=g\",\"contentUrl\":\"https:\/\/secure.gravatar.com\/avatar\/473f9681549688bcd731b8a9535f18e76c06ab27390be84d91d8917d988d5296?s=96&d=mm&r=g\",\"caption\":\"admin\"},\"sameAs\":[\"https:\/\/dipmission-osce.com\"]}]}<\/script>\n<!-- \/ Yoast SEO plugin. -->","yoast_head_json":{"title":"Ve Lvov\u011b byla zah\u00e1jena \u010dinnost zastoupen\u00ed Mezin\u00e1rodn\u00ed diplomatick\u00e9 a humanit\u00e1rn\u00ed mise OBSE | OSCE IDHM","robots":{"index":"index","follow":"follow","max-snippet":"max-snippet:-1","max-image-preview":"max-image-preview:large","max-video-preview":"max-video-preview:-1"},"canonical":"https:\/\/dipmission-osce.com\/cs\/u-lvovi-startuvala-diyalnist-predstavnycztva-mizhnarodnoyi-dyplomatychnoyi-ta-gumanitarnoyi-misiyi-obsye\/","og_locale":"cs_CZ","og_type":"article","og_title":"Ve Lvov\u011b byla zah\u00e1jena \u010dinnost zastoupen\u00ed Mezin\u00e1rodn\u00ed diplomatick\u00e9 a humanit\u00e1rn\u00ed mise OBSE | OSCE IDHM","og_description":"\u010cinnost mise byla zah\u00e1jena ve spolupr\u00e1ci s k\u0159es\u0165anskou kav\u00e1rnou \u201eVitanija\u201c, kter\u00e1 ji\u017e mnoho let organizuje stravov\u00e1n\u00ed pro pot\u0159ebn\u00e9. Nyn\u00ed se mise tak\u00e9 p\u0159ipojila k t\u00e9to u\u0161lechtil\u00e9 \u010dinnosti a zah\u00e1jila pravideln\u00e9 dod\u00e1vky potravin. Ka\u017ed\u00e9 \u00fater\u00fd se u chr\u00e1mu sv. Vladim\u00edra a Olgy bude konat v\u00fddej potravin pro soci\u00e1ln\u011b slab\u00e9 osoby a organizace jejich stravov\u00e1n\u00ed. Vyjad\u0159ujeme up\u0159\u00edmn\u00e9 [&hellip;]","og_url":"https:\/\/dipmission-osce.com\/cs\/u-lvovi-startuvala-diyalnist-predstavnycztva-mizhnarodnoyi-dyplomatychnoyi-ta-gumanitarnoyi-misiyi-obsye\/","og_site_name":"OSCE IDHM","article_publisher":"https:\/\/www.facebook.com\/groups\/1056799551716288","article_published_time":"2025-06-30T20:07:11+00:00","article_modified_time":"2025-11-06T20:13:37+00:00","og_image":[{"width":2560,"height":2202,"url":"https:\/\/dipmission-osce.com\/wp-content\/uploads\/2025\/06\/img_4173-scaled.jpg","type":"image\/jpeg"}],"author":"admin","twitter_card":"summary_large_image","twitter_misc":{"Napsal(a)":"admin","Odhadovan\u00e1 doba \u010dten\u00ed":"3 minuty"},"schema":{"@context":"https:\/\/schema.org","@graph":[{"@type":"Article","@id":"https:\/\/dipmission-osce.com\/cs\/u-lvovi-startuvala-diyalnist-predstavnycztva-mizhnarodnoyi-dyplomatychnoyi-ta-gumanitarnoyi-misiyi-obsye\/#article","isPartOf":{"@id":"https:\/\/dipmission-osce.com\/cs\/u-lvovi-startuvala-diyalnist-predstavnycztva-mizhnarodnoyi-dyplomatychnoyi-ta-gumanitarnoyi-misiyi-obsye\/"},"author":{"name":"admin","@id":"https:\/\/dipmission-osce.com\/cs\/#\/schema\/person\/64ee51e1e4edcd45bfb312fb9c9de2ca"},"headline":"Ve Lvov\u011b byla zah\u00e1jena \u010dinnost zastoupen\u00ed Mezin\u00e1rodn\u00ed diplomatick\u00e9 a humanit\u00e1rn\u00ed mise OBSE","datePublished":"2025-06-30T20:07:11+00:00","dateModified":"2025-11-06T20:13:37+00:00","mainEntityOfPage":{"@id":"https:\/\/dipmission-osce.com\/cs\/u-lvovi-startuvala-diyalnist-predstavnycztva-mizhnarodnoyi-dyplomatychnoyi-ta-gumanitarnoyi-misiyi-obsye\/"},"wordCount":188,"commentCount":0,"publisher":{"@id":"https:\/\/dipmission-osce.com\/cs\/#organization"},"image":{"@id":"https:\/\/dipmission-osce.com\/cs\/u-lvovi-startuvala-diyalnist-predstavnycztva-mizhnarodnoyi-dyplomatychnoyi-ta-gumanitarnoyi-misiyi-obsye\/#primaryimage"},"thumbnailUrl":"https:\/\/dipmission-osce.com\/wp-content\/uploads\/2025\/06\/img_4173-scaled.jpg","articleSection":["D\u016fle\u017eit\u00e9"],"inLanguage":"cs","potentialAction":[{"@type":"CommentAction","name":"Comment","target":["https:\/\/dipmission-osce.com\/cs\/u-lvovi-startuvala-diyalnist-predstavnycztva-mizhnarodnoyi-dyplomatychnoyi-ta-gumanitarnoyi-misiyi-obsye\/#respond"]}]},{"@type":"WebPage","@id":"https:\/\/dipmission-osce.com\/cs\/u-lvovi-startuvala-diyalnist-predstavnycztva-mizhnarodnoyi-dyplomatychnoyi-ta-gumanitarnoyi-misiyi-obsye\/","url":"https:\/\/dipmission-osce.com\/cs\/u-lvovi-startuvala-diyalnist-predstavnycztva-mizhnarodnoyi-dyplomatychnoyi-ta-gumanitarnoyi-misiyi-obsye\/","name":"Ve Lvov\u011b byla zah\u00e1jena \u010dinnost zastoupen\u00ed Mezin\u00e1rodn\u00ed diplomatick\u00e9 a humanit\u00e1rn\u00ed mise OBSE | OSCE IDHM","isPartOf":{"@id":"https:\/\/dipmission-osce.com\/cs\/#website"},"primaryImageOfPage":{"@id":"https:\/\/dipmission-osce.com\/cs\/u-lvovi-startuvala-diyalnist-predstavnycztva-mizhnarodnoyi-dyplomatychnoyi-ta-gumanitarnoyi-misiyi-obsye\/#primaryimage"},"image":{"@id":"https:\/\/dipmission-osce.com\/cs\/u-lvovi-startuvala-diyalnist-predstavnycztva-mizhnarodnoyi-dyplomatychnoyi-ta-gumanitarnoyi-misiyi-obsye\/#primaryimage"},"thumbnailUrl":"https:\/\/dipmission-osce.com\/wp-content\/uploads\/2025\/06\/img_4173-scaled.jpg","datePublished":"2025-06-30T20:07:11+00:00","dateModified":"2025-11-06T20:13:37+00:00","breadcrumb":{"@id":"https:\/\/dipmission-osce.com\/cs\/u-lvovi-startuvala-diyalnist-predstavnycztva-mizhnarodnoyi-dyplomatychnoyi-ta-gumanitarnoyi-misiyi-obsye\/#breadcrumb"},"inLanguage":"cs","potentialAction":[{"@type":"ReadAction","target":["https:\/\/dipmission-osce.com\/cs\/u-lvovi-startuvala-diyalnist-predstavnycztva-mizhnarodnoyi-dyplomatychnoyi-ta-gumanitarnoyi-misiyi-obsye\/"]}]},{"@type":"ImageObject","inLanguage":"cs","@id":"https:\/\/dipmission-osce.com\/cs\/u-lvovi-startuvala-diyalnist-predstavnycztva-mizhnarodnoyi-dyplomatychnoyi-ta-gumanitarnoyi-misiyi-obsye\/#primaryimage","url":"https:\/\/dipmission-osce.com\/wp-content\/uploads\/2025\/06\/img_4173-scaled.jpg","contentUrl":"https:\/\/dipmission-osce.com\/wp-content\/uploads\/2025\/06\/img_4173-scaled.jpg","width":2560,"height":2202},{"@type":"BreadcrumbList","@id":"https:\/\/dipmission-osce.com\/cs\/u-lvovi-startuvala-diyalnist-predstavnycztva-mizhnarodnoyi-dyplomatychnoyi-ta-gumanitarnoyi-misiyi-obsye\/#breadcrumb","itemListElement":[{"@type":"ListItem","position":1,"name":"\u0413\u043e\u043b\u043e\u0432\u043d\u0430","item":"https:\/\/dipmission-osce.com\/cs\/"},{"@type":"ListItem","position":2,"name":"Ve Lvov\u011b byla zah\u00e1jena \u010dinnost zastoupen\u00ed Mezin\u00e1rodn\u00ed diplomatick\u00e9 a humanit\u00e1rn\u00ed mise OBSE"}]},{"@type":"WebSite","@id":"https:\/\/dipmission-osce.com\/cs\/#website","url":"https:\/\/dipmission-osce.com\/cs\/","name":"OSCE IDHM","description":"Dipmission OSCE","publisher":{"@id":"https:\/\/dipmission-osce.com\/cs\/#organization"},"alternateName":"OSCE IDHM","potentialAction":[{"@type":"SearchAction","target":{"@type":"EntryPoint","urlTemplate":"https:\/\/dipmission-osce.com\/cs\/?s={search_term_string}"},"query-input":{"@type":"PropertyValueSpecification","valueRequired":true,"valueName":"search_term_string"}}],"inLanguage":"cs"},{"@type":"Organization","@id":"https:\/\/dipmission-osce.com\/cs\/#organization","name":"Dipmission OSCE","url":"https:\/\/dipmission-osce.com\/cs\/","logo":{"@type":"ImageObject","inLanguage":"cs","@id":"https:\/\/dipmission-osce.com\/cs\/#\/schema\/logo\/image\/","url":"https:\/\/dipmission-osce.com\/wp-content\/uploads\/2025\/07\/featured-image-dipmission-osce.png","contentUrl":"https:\/\/dipmission-osce.com\/wp-content\/uploads\/2025\/07\/featured-image-dipmission-osce.png","width":1200,"height":675,"caption":"Dipmission OSCE"},"image":{"@id":"https:\/\/dipmission-osce.com\/cs\/#\/schema\/logo\/image\/"},"sameAs":["https:\/\/www.facebook.com\/groups\/1056799551716288"]},{"@type":"Person","@id":"https:\/\/dipmission-osce.com\/cs\/#\/schema\/person\/64ee51e1e4edcd45bfb312fb9c9de2ca","name":"admin","image":{"@type":"ImageObject","inLanguage":"cs","@id":"https:\/\/dipmission-osce.com\/cs\/#\/schema\/person\/image\/","url":"https:\/\/secure.gravatar.com\/avatar\/473f9681549688bcd731b8a9535f18e76c06ab27390be84d91d8917d988d5296?s=96&d=mm&r=g","contentUrl":"https:\/\/secure.gravatar.com\/avatar\/473f9681549688bcd731b8a9535f18e76c06ab27390be84d91d8917d988d5296?s=96&d=mm&r=g","caption":"admin"},"sameAs":["https:\/\/dipmission-osce.com"]}]}},"_links":{"self":[{"href":"https:\/\/dipmission-osce.com\/cs\/wp-json\/wp\/v2\/posts\/1901","targetHints":{"allow":["GET"]}}],"collection":[{"href":"https:\/\/dipmission-osce.com\/cs\/wp-json\/wp\/v2\/posts"}],"about":[{"href":"https:\/\/dipmission-osce.com\/cs\/wp-json\/wp\/v2\/types\/post"}],"author":[{"embeddable":true,"href":"https:\/\/dipmission-osce.com\/cs\/wp-json\/wp\/v2\/users\/1"}],"replies":[{"embeddable":true,"href":"https:\/\/dipmission-osce.com\/cs\/wp-json\/wp\/v2\/comments?post=1901"}],"version-history":[{"count":1,"href":"https:\/\/dipmission-osce.com\/cs\/wp-json\/wp\/v2\/posts\/1901\/revisions"}],"predecessor-version":[{"id":2805,"href":"https:\/\/dipmission-osce.com\/cs\/wp-json\/wp\/v2\/posts\/1901\/revisions\/2805"}],"wp:featuredmedia":[{"embeddable":true,"href":"https:\/\/dipmission-osce.com\/cs\/wp-json\/wp\/v2\/media\/1903"}],"wp:attachment":[{"href":"https:\/\/dipmission-osce.com\/cs\/wp-json\/wp\/v2\/media?parent=1901"}],"wp:term":[{"taxonomy":"category","embeddable":true,"href":"https:\/\/dipmission-osce.com\/cs\/wp-json\/wp\/v2\/categories?post=1901"},{"taxonomy":"post_tag","embeddable":true,"href":"https:\/\/dipmission-osce.com\/cs\/wp-json\/wp\/v2\/tags?post=1901"}],"curies":[{"name":"wp","href":"https:\/\/api.w.org\/{rel}","templated":true}]}}