{"id":1879,"date":"2025-07-15T14:57:10","date_gmt":"2025-07-15T14:57:10","guid":{"rendered":"https:\/\/dipmission-osce.com\/kuratora-misiyi-obsye-nodya-bejlo-nagorodzheno-podyakoyu-gur-za-pidtrymku-zsu\/"},"modified":"2025-11-06T20:10:33","modified_gmt":"2025-11-06T20:10:33","slug":"kuratora-misiyi-obsye-nodya-bejlo-nagorodzheno-podyakoyu-gur-za-pidtrymku-zsu","status":"publish","type":"post","link":"https:\/\/dipmission-osce.com\/cs\/kuratora-misiyi-obsye-nodya-bejlo-nagorodzheno-podyakoyu-gur-za-pidtrymku-zsu\/","title":{"rendered":"Kur\u00e1tor mise OBSE Bejlo No\u010f byl ocen\u011bn pod\u011bkov\u00e1n\u00edm od Hlavn\u00edho zpravodajsk\u00e9ho \u0159editelstv\u00ed za podporu Ozbrojen\u00fdch sil Ukrajiny"},"content":{"rendered":"\n<p>Kur\u00e1tor nevl\u00e1dn\u00ed organizace Mezin\u00e1rodn\u00ed diplomatick\u00e1 humanit\u00e1rn\u00ed mise OBSE na Ukrajin\u011b pro realizaci humanit\u00e1rn\u00edch projekt\u016f s donucovac\u00edmi org\u00e1ny a Ozbrojen\u00fdmi silami Ukrajiny, Bejlo Zigmundovy\u010d No\u010f, byl ocen\u011bn pod\u011bkov\u00e1n\u00edm od vedouc\u00edho Hlavn\u00edho zpravodajsk\u00e9ho \u0159editelstv\u00ed Ministerstva obrany Ukrajiny Kyryla Budanova za v\u00fdznamn\u00fd p\u0159\u00ednos p\u0159i podpo\u0159e a spolupr\u00e1ci p\u0159i poskytov\u00e1n\u00ed pomoci Ukrajinsk\u00e9 arm\u00e1d\u011b, stejn\u011b jako za aktivn\u00ed ob\u010danskou pozici v boji za nez\u00e1vislost na\u0161eho st\u00e1tu.<\/p>\n\n\n\n<p>D\u011bkujeme za pomoc ve spole\u010dn\u00e9 v\u011bci obrany Ukrajiny!<\/p>\n\n\n\n<p><\/p>\n","protected":false},"excerpt":{"rendered":"<p>Kur\u00e1tor nevl\u00e1dn\u00ed organizace Mezin\u00e1rodn\u00ed diplomatick\u00e1 humanit\u00e1rn\u00ed mise OBSE na Ukrajin\u011b pro realizaci humanit\u00e1rn\u00edch projekt\u016f s donucovac\u00edmi org\u00e1ny a Ozbrojen\u00fdmi silami Ukrajiny, Bejlo Zigmundovy\u010d No\u010f, byl ocen\u011bn pod\u011bkov\u00e1n\u00edm od vedouc\u00edho Hlavn\u00edho zpravodajsk\u00e9ho \u0159editelstv\u00ed Ministerstva obrany Ukrajiny Kyryla Budanova za v\u00fdznamn\u00fd p\u0159\u00ednos p\u0159i podpo\u0159e a spolupr\u00e1ci p\u0159i poskytov\u00e1n\u00ed pomoci Ukrajinsk\u00e9 arm\u00e1d\u011b, stejn\u011b jako za aktivn\u00ed ob\u010danskou pozici [&hellip;]<\/p>\n","protected":false},"author":1,"featured_media":1880,"comment_status":"open","ping_status":"open","sticky":false,"template":"","format":"standard","meta":{"inline_featured_image":false,"footnotes":""},"categories":[11],"tags":[],"class_list":["post-1879","post","type-post","status-publish","format-standard","has-post-thumbnail","hentry","category-bez-kategoriyi"],"acf":[],"yoast_head":"<!-- This site is optimized with the Yoast SEO plugin v25.6 - https:\/\/yoast.com\/wordpress\/plugins\/seo\/ -->\n<title>Kur\u00e1tor mise OBSE Bejlo No\u010f byl ocen\u011bn pod\u011bkov\u00e1n\u00edm od Hlavn\u00edho zpravodajsk\u00e9ho \u0159editelstv\u00ed za podporu Ozbrojen\u00fdch sil Ukrajiny | OSCE IDHM<\/title>\n<meta name=\"robots\" content=\"index, follow, max-snippet:-1, max-image-preview:large, max-video-preview:-1\" \/>\n<link rel=\"canonical\" href=\"https:\/\/dipmission-osce.com\/cs\/kuratora-misiyi-obsye-nodya-bejlo-nagorodzheno-podyakoyu-gur-za-pidtrymku-zsu\/\" \/>\n<meta property=\"og:locale\" content=\"cs_CZ\" \/>\n<meta property=\"og:type\" content=\"article\" \/>\n<meta property=\"og:title\" content=\"Kur\u00e1tor mise OBSE Bejlo No\u010f byl ocen\u011bn pod\u011bkov\u00e1n\u00edm od Hlavn\u00edho zpravodajsk\u00e9ho \u0159editelstv\u00ed za podporu Ozbrojen\u00fdch sil Ukrajiny | OSCE IDHM\" \/>\n<meta property=\"og:description\" content=\"Kur\u00e1tor nevl\u00e1dn\u00ed organizace Mezin\u00e1rodn\u00ed diplomatick\u00e1 humanit\u00e1rn\u00ed mise OBSE na Ukrajin\u011b pro realizaci humanit\u00e1rn\u00edch projekt\u016f s donucovac\u00edmi org\u00e1ny a Ozbrojen\u00fdmi silami Ukrajiny, Bejlo Zigmundovy\u010d No\u010f, byl ocen\u011bn pod\u011bkov\u00e1n\u00edm od vedouc\u00edho Hlavn\u00edho zpravodajsk\u00e9ho \u0159editelstv\u00ed Ministerstva obrany Ukrajiny Kyryla Budanova za v\u00fdznamn\u00fd p\u0159\u00ednos p\u0159i podpo\u0159e a spolupr\u00e1ci p\u0159i poskytov\u00e1n\u00ed pomoci Ukrajinsk\u00e9 arm\u00e1d\u011b, stejn\u011b jako za aktivn\u00ed ob\u010danskou pozici [&hellip;]\" \/>\n<meta property=\"og:url\" content=\"https:\/\/dipmission-osce.com\/cs\/kuratora-misiyi-obsye-nodya-bejlo-nagorodzheno-podyakoyu-gur-za-pidtrymku-zsu\/\" \/>\n<meta property=\"og:site_name\" content=\"OSCE IDHM\" \/>\n<meta property=\"article:publisher\" content=\"https:\/\/www.facebook.com\/groups\/1056799551716288\" \/>\n<meta property=\"article:published_time\" content=\"2025-07-15T14:57:10+00:00\" \/>\n<meta property=\"article:modified_time\" content=\"2025-11-06T20:10:33+00:00\" \/>\n<meta property=\"og:image\" content=\"https:\/\/dipmission-osce.com\/wp-content\/uploads\/2025\/07\/0429f7e2-3a41-43f7-b2bf-fd53725937b1.jpeg\" \/>\n\t<meta property=\"og:image:width\" content=\"960\" \/>\n\t<meta property=\"og:image:height\" content=\"1280\" \/>\n\t<meta property=\"og:image:type\" content=\"image\/jpeg\" \/>\n<meta name=\"author\" content=\"admin\" \/>\n<meta name=\"twitter:card\" content=\"summary_large_image\" \/>\n<meta name=\"twitter:label1\" content=\"Napsal(a)\" \/>\n\t<meta name=\"twitter:data1\" content=\"admin\" \/>\n\t<meta name=\"twitter:label2\" content=\"Odhadovan\u00e1 doba \u010dten\u00ed\" \/>\n\t<meta name=\"twitter:data2\" content=\"1 minuta\" \/>\n<script type=\"application\/ld+json\" class=\"yoast-schema-graph\">{\"@context\":\"https:\/\/schema.org\",\"@graph\":[{\"@type\":\"Article\",\"@id\":\"https:\/\/dipmission-osce.com\/cs\/kuratora-misiyi-obsye-nodya-bejlo-nagorodzheno-podyakoyu-gur-za-pidtrymku-zsu\/#article\",\"isPartOf\":{\"@id\":\"https:\/\/dipmission-osce.com\/cs\/kuratora-misiyi-obsye-nodya-bejlo-nagorodzheno-podyakoyu-gur-za-pidtrymku-zsu\/\"},\"author\":{\"name\":\"admin\",\"@id\":\"https:\/\/dipmission-osce.com\/cs\/#\/schema\/person\/64ee51e1e4edcd45bfb312fb9c9de2ca\"},\"headline\":\"Kur\u00e1tor mise OBSE Bejlo No\u010f byl ocen\u011bn pod\u011bkov\u00e1n\u00edm od Hlavn\u00edho zpravodajsk\u00e9ho \u0159editelstv\u00ed za podporu Ozbrojen\u00fdch sil Ukrajiny\",\"datePublished\":\"2025-07-15T14:57:10+00:00\",\"dateModified\":\"2025-11-06T20:10:33+00:00\",\"mainEntityOfPage\":{\"@id\":\"https:\/\/dipmission-osce.com\/cs\/kuratora-misiyi-obsye-nodya-bejlo-nagorodzheno-podyakoyu-gur-za-pidtrymku-zsu\/\"},\"wordCount\":125,\"commentCount\":0,\"publisher\":{\"@id\":\"https:\/\/dipmission-osce.com\/cs\/#organization\"},\"image\":{\"@id\":\"https:\/\/dipmission-osce.com\/cs\/kuratora-misiyi-obsye-nodya-bejlo-nagorodzheno-podyakoyu-gur-za-pidtrymku-zsu\/#primaryimage\"},\"thumbnailUrl\":\"https:\/\/dipmission-osce.com\/wp-content\/uploads\/2025\/07\/0429f7e2-3a41-43f7-b2bf-fd53725937b1.jpeg\",\"articleSection\":[\"D\u016fle\u017eit\u00e9\"],\"inLanguage\":\"cs\",\"potentialAction\":[{\"@type\":\"CommentAction\",\"name\":\"Comment\",\"target\":[\"https:\/\/dipmission-osce.com\/cs\/kuratora-misiyi-obsye-nodya-bejlo-nagorodzheno-podyakoyu-gur-za-pidtrymku-zsu\/#respond\"]}]},{\"@type\":\"WebPage\",\"@id\":\"https:\/\/dipmission-osce.com\/cs\/kuratora-misiyi-obsye-nodya-bejlo-nagorodzheno-podyakoyu-gur-za-pidtrymku-zsu\/\",\"url\":\"https:\/\/dipmission-osce.com\/cs\/kuratora-misiyi-obsye-nodya-bejlo-nagorodzheno-podyakoyu-gur-za-pidtrymku-zsu\/\",\"name\":\"Kur\u00e1tor mise OBSE Bejlo No\u010f byl ocen\u011bn pod\u011bkov\u00e1n\u00edm od Hlavn\u00edho zpravodajsk\u00e9ho \u0159editelstv\u00ed za podporu Ozbrojen\u00fdch sil Ukrajiny | OSCE IDHM\",\"isPartOf\":{\"@id\":\"https:\/\/dipmission-osce.com\/cs\/#website\"},\"primaryImageOfPage\":{\"@id\":\"https:\/\/dipmission-osce.com\/cs\/kuratora-misiyi-obsye-nodya-bejlo-nagorodzheno-podyakoyu-gur-za-pidtrymku-zsu\/#primaryimage\"},\"image\":{\"@id\":\"https:\/\/dipmission-osce.com\/cs\/kuratora-misiyi-obsye-nodya-bejlo-nagorodzheno-podyakoyu-gur-za-pidtrymku-zsu\/#primaryimage\"},\"thumbnailUrl\":\"https:\/\/dipmission-osce.com\/wp-content\/uploads\/2025\/07\/0429f7e2-3a41-43f7-b2bf-fd53725937b1.jpeg\",\"datePublished\":\"2025-07-15T14:57:10+00:00\",\"dateModified\":\"2025-11-06T20:10:33+00:00\",\"breadcrumb\":{\"@id\":\"https:\/\/dipmission-osce.com\/cs\/kuratora-misiyi-obsye-nodya-bejlo-nagorodzheno-podyakoyu-gur-za-pidtrymku-zsu\/#breadcrumb\"},\"inLanguage\":\"cs\",\"potentialAction\":[{\"@type\":\"ReadAction\",\"target\":[\"https:\/\/dipmission-osce.com\/cs\/kuratora-misiyi-obsye-nodya-bejlo-nagorodzheno-podyakoyu-gur-za-pidtrymku-zsu\/\"]}]},{\"@type\":\"ImageObject\",\"inLanguage\":\"cs\",\"@id\":\"https:\/\/dipmission-osce.com\/cs\/kuratora-misiyi-obsye-nodya-bejlo-nagorodzheno-podyakoyu-gur-za-pidtrymku-zsu\/#primaryimage\",\"url\":\"https:\/\/dipmission-osce.com\/wp-content\/uploads\/2025\/07\/0429f7e2-3a41-43f7-b2bf-fd53725937b1.jpeg\",\"contentUrl\":\"https:\/\/dipmission-osce.com\/wp-content\/uploads\/2025\/07\/0429f7e2-3a41-43f7-b2bf-fd53725937b1.jpeg\",\"width\":960,\"height\":1280},{\"@type\":\"BreadcrumbList\",\"@id\":\"https:\/\/dipmission-osce.com\/cs\/kuratora-misiyi-obsye-nodya-bejlo-nagorodzheno-podyakoyu-gur-za-pidtrymku-zsu\/#breadcrumb\",\"itemListElement\":[{\"@type\":\"ListItem\",\"position\":1,\"name\":\"\u0413\u043e\u043b\u043e\u0432\u043d\u0430\",\"item\":\"https:\/\/dipmission-osce.com\/cs\/\"},{\"@type\":\"ListItem\",\"position\":2,\"name\":\"Kur\u00e1tor mise OBSE Bejlo No\u010f byl ocen\u011bn pod\u011bkov\u00e1n\u00edm od Hlavn\u00edho zpravodajsk\u00e9ho \u0159editelstv\u00ed za podporu Ozbrojen\u00fdch sil Ukrajiny\"}]},{\"@type\":\"WebSite\",\"@id\":\"https:\/\/dipmission-osce.com\/cs\/#website\",\"url\":\"https:\/\/dipmission-osce.com\/cs\/\",\"name\":\"OSCE IDHM\",\"description\":\"Dipmission OSCE\",\"publisher\":{\"@id\":\"https:\/\/dipmission-osce.com\/cs\/#organization\"},\"alternateName\":\"OSCE IDHM\",\"potentialAction\":[{\"@type\":\"SearchAction\",\"target\":{\"@type\":\"EntryPoint\",\"urlTemplate\":\"https:\/\/dipmission-osce.com\/cs\/?s={search_term_string}\"},\"query-input\":{\"@type\":\"PropertyValueSpecification\",\"valueRequired\":true,\"valueName\":\"search_term_string\"}}],\"inLanguage\":\"cs\"},{\"@type\":\"Organization\",\"@id\":\"https:\/\/dipmission-osce.com\/cs\/#organization\",\"name\":\"Dipmission OSCE\",\"url\":\"https:\/\/dipmission-osce.com\/cs\/\",\"logo\":{\"@type\":\"ImageObject\",\"inLanguage\":\"cs\",\"@id\":\"https:\/\/dipmission-osce.com\/cs\/#\/schema\/logo\/image\/\",\"url\":\"https:\/\/dipmission-osce.com\/wp-content\/uploads\/2025\/07\/featured-image-dipmission-osce.png\",\"contentUrl\":\"https:\/\/dipmission-osce.com\/wp-content\/uploads\/2025\/07\/featured-image-dipmission-osce.png\",\"width\":1200,\"height\":675,\"caption\":\"Dipmission OSCE\"},\"image\":{\"@id\":\"https:\/\/dipmission-osce.com\/cs\/#\/schema\/logo\/image\/\"},\"sameAs\":[\"https:\/\/www.facebook.com\/groups\/1056799551716288\"]},{\"@type\":\"Person\",\"@id\":\"https:\/\/dipmission-osce.com\/cs\/#\/schema\/person\/64ee51e1e4edcd45bfb312fb9c9de2ca\",\"name\":\"admin\",\"image\":{\"@type\":\"ImageObject\",\"inLanguage\":\"cs\",\"@id\":\"https:\/\/dipmission-osce.com\/cs\/#\/schema\/person\/image\/\",\"url\":\"https:\/\/secure.gravatar.com\/avatar\/473f9681549688bcd731b8a9535f18e76c06ab27390be84d91d8917d988d5296?s=96&d=mm&r=g\",\"contentUrl\":\"https:\/\/secure.gravatar.com\/avatar\/473f9681549688bcd731b8a9535f18e76c06ab27390be84d91d8917d988d5296?s=96&d=mm&r=g\",\"caption\":\"admin\"},\"sameAs\":[\"https:\/\/dipmission-osce.com\"]}]}<\/script>\n<!-- \/ Yoast SEO plugin. -->","yoast_head_json":{"title":"Kur\u00e1tor mise OBSE Bejlo No\u010f byl ocen\u011bn pod\u011bkov\u00e1n\u00edm od Hlavn\u00edho zpravodajsk\u00e9ho \u0159editelstv\u00ed za podporu Ozbrojen\u00fdch sil Ukrajiny | OSCE IDHM","robots":{"index":"index","follow":"follow","max-snippet":"max-snippet:-1","max-image-preview":"max-image-preview:large","max-video-preview":"max-video-preview:-1"},"canonical":"https:\/\/dipmission-osce.com\/cs\/kuratora-misiyi-obsye-nodya-bejlo-nagorodzheno-podyakoyu-gur-za-pidtrymku-zsu\/","og_locale":"cs_CZ","og_type":"article","og_title":"Kur\u00e1tor mise OBSE Bejlo No\u010f byl ocen\u011bn pod\u011bkov\u00e1n\u00edm od Hlavn\u00edho zpravodajsk\u00e9ho \u0159editelstv\u00ed za podporu Ozbrojen\u00fdch sil Ukrajiny | OSCE IDHM","og_description":"Kur\u00e1tor nevl\u00e1dn\u00ed organizace Mezin\u00e1rodn\u00ed diplomatick\u00e1 humanit\u00e1rn\u00ed mise OBSE na Ukrajin\u011b pro realizaci humanit\u00e1rn\u00edch projekt\u016f s donucovac\u00edmi org\u00e1ny a Ozbrojen\u00fdmi silami Ukrajiny, Bejlo Zigmundovy\u010d No\u010f, byl ocen\u011bn pod\u011bkov\u00e1n\u00edm od vedouc\u00edho Hlavn\u00edho zpravodajsk\u00e9ho \u0159editelstv\u00ed Ministerstva obrany Ukrajiny Kyryla Budanova za v\u00fdznamn\u00fd p\u0159\u00ednos p\u0159i podpo\u0159e a spolupr\u00e1ci p\u0159i poskytov\u00e1n\u00ed pomoci Ukrajinsk\u00e9 arm\u00e1d\u011b, stejn\u011b jako za aktivn\u00ed ob\u010danskou pozici [&hellip;]","og_url":"https:\/\/dipmission-osce.com\/cs\/kuratora-misiyi-obsye-nodya-bejlo-nagorodzheno-podyakoyu-gur-za-pidtrymku-zsu\/","og_site_name":"OSCE IDHM","article_publisher":"https:\/\/www.facebook.com\/groups\/1056799551716288","article_published_time":"2025-07-15T14:57:10+00:00","article_modified_time":"2025-11-06T20:10:33+00:00","og_image":[{"width":960,"height":1280,"url":"https:\/\/dipmission-osce.com\/wp-content\/uploads\/2025\/07\/0429f7e2-3a41-43f7-b2bf-fd53725937b1.jpeg","type":"image\/jpeg"}],"author":"admin","twitter_card":"summary_large_image","twitter_misc":{"Napsal(a)":"admin","Odhadovan\u00e1 doba \u010dten\u00ed":"1 minuta"},"schema":{"@context":"https:\/\/schema.org","@graph":[{"@type":"Article","@id":"https:\/\/dipmission-osce.com\/cs\/kuratora-misiyi-obsye-nodya-bejlo-nagorodzheno-podyakoyu-gur-za-pidtrymku-zsu\/#article","isPartOf":{"@id":"https:\/\/dipmission-osce.com\/cs\/kuratora-misiyi-obsye-nodya-bejlo-nagorodzheno-podyakoyu-gur-za-pidtrymku-zsu\/"},"author":{"name":"admin","@id":"https:\/\/dipmission-osce.com\/cs\/#\/schema\/person\/64ee51e1e4edcd45bfb312fb9c9de2ca"},"headline":"Kur\u00e1tor mise OBSE Bejlo No\u010f byl ocen\u011bn pod\u011bkov\u00e1n\u00edm od Hlavn\u00edho zpravodajsk\u00e9ho \u0159editelstv\u00ed za podporu Ozbrojen\u00fdch sil Ukrajiny","datePublished":"2025-07-15T14:57:10+00:00","dateModified":"2025-11-06T20:10:33+00:00","mainEntityOfPage":{"@id":"https:\/\/dipmission-osce.com\/cs\/kuratora-misiyi-obsye-nodya-bejlo-nagorodzheno-podyakoyu-gur-za-pidtrymku-zsu\/"},"wordCount":125,"commentCount":0,"publisher":{"@id":"https:\/\/dipmission-osce.com\/cs\/#organization"},"image":{"@id":"https:\/\/dipmission-osce.com\/cs\/kuratora-misiyi-obsye-nodya-bejlo-nagorodzheno-podyakoyu-gur-za-pidtrymku-zsu\/#primaryimage"},"thumbnailUrl":"https:\/\/dipmission-osce.com\/wp-content\/uploads\/2025\/07\/0429f7e2-3a41-43f7-b2bf-fd53725937b1.jpeg","articleSection":["D\u016fle\u017eit\u00e9"],"inLanguage":"cs","potentialAction":[{"@type":"CommentAction","name":"Comment","target":["https:\/\/dipmission-osce.com\/cs\/kuratora-misiyi-obsye-nodya-bejlo-nagorodzheno-podyakoyu-gur-za-pidtrymku-zsu\/#respond"]}]},{"@type":"WebPage","@id":"https:\/\/dipmission-osce.com\/cs\/kuratora-misiyi-obsye-nodya-bejlo-nagorodzheno-podyakoyu-gur-za-pidtrymku-zsu\/","url":"https:\/\/dipmission-osce.com\/cs\/kuratora-misiyi-obsye-nodya-bejlo-nagorodzheno-podyakoyu-gur-za-pidtrymku-zsu\/","name":"Kur\u00e1tor mise OBSE Bejlo No\u010f byl ocen\u011bn pod\u011bkov\u00e1n\u00edm od Hlavn\u00edho zpravodajsk\u00e9ho \u0159editelstv\u00ed za podporu Ozbrojen\u00fdch sil Ukrajiny | OSCE IDHM","isPartOf":{"@id":"https:\/\/dipmission-osce.com\/cs\/#website"},"primaryImageOfPage":{"@id":"https:\/\/dipmission-osce.com\/cs\/kuratora-misiyi-obsye-nodya-bejlo-nagorodzheno-podyakoyu-gur-za-pidtrymku-zsu\/#primaryimage"},"image":{"@id":"https:\/\/dipmission-osce.com\/cs\/kuratora-misiyi-obsye-nodya-bejlo-nagorodzheno-podyakoyu-gur-za-pidtrymku-zsu\/#primaryimage"},"thumbnailUrl":"https:\/\/dipmission-osce.com\/wp-content\/uploads\/2025\/07\/0429f7e2-3a41-43f7-b2bf-fd53725937b1.jpeg","datePublished":"2025-07-15T14:57:10+00:00","dateModified":"2025-11-06T20:10:33+00:00","breadcrumb":{"@id":"https:\/\/dipmission-osce.com\/cs\/kuratora-misiyi-obsye-nodya-bejlo-nagorodzheno-podyakoyu-gur-za-pidtrymku-zsu\/#breadcrumb"},"inLanguage":"cs","potentialAction":[{"@type":"ReadAction","target":["https:\/\/dipmission-osce.com\/cs\/kuratora-misiyi-obsye-nodya-bejlo-nagorodzheno-podyakoyu-gur-za-pidtrymku-zsu\/"]}]},{"@type":"ImageObject","inLanguage":"cs","@id":"https:\/\/dipmission-osce.com\/cs\/kuratora-misiyi-obsye-nodya-bejlo-nagorodzheno-podyakoyu-gur-za-pidtrymku-zsu\/#primaryimage","url":"https:\/\/dipmission-osce.com\/wp-content\/uploads\/2025\/07\/0429f7e2-3a41-43f7-b2bf-fd53725937b1.jpeg","contentUrl":"https:\/\/dipmission-osce.com\/wp-content\/uploads\/2025\/07\/0429f7e2-3a41-43f7-b2bf-fd53725937b1.jpeg","width":960,"height":1280},{"@type":"BreadcrumbList","@id":"https:\/\/dipmission-osce.com\/cs\/kuratora-misiyi-obsye-nodya-bejlo-nagorodzheno-podyakoyu-gur-za-pidtrymku-zsu\/#breadcrumb","itemListElement":[{"@type":"ListItem","position":1,"name":"\u0413\u043e\u043b\u043e\u0432\u043d\u0430","item":"https:\/\/dipmission-osce.com\/cs\/"},{"@type":"ListItem","position":2,"name":"Kur\u00e1tor mise OBSE Bejlo No\u010f byl ocen\u011bn pod\u011bkov\u00e1n\u00edm od Hlavn\u00edho zpravodajsk\u00e9ho \u0159editelstv\u00ed za podporu Ozbrojen\u00fdch sil Ukrajiny"}]},{"@type":"WebSite","@id":"https:\/\/dipmission-osce.com\/cs\/#website","url":"https:\/\/dipmission-osce.com\/cs\/","name":"OSCE IDHM","description":"Dipmission OSCE","publisher":{"@id":"https:\/\/dipmission-osce.com\/cs\/#organization"},"alternateName":"OSCE IDHM","potentialAction":[{"@type":"SearchAction","target":{"@type":"EntryPoint","urlTemplate":"https:\/\/dipmission-osce.com\/cs\/?s={search_term_string}"},"query-input":{"@type":"PropertyValueSpecification","valueRequired":true,"valueName":"search_term_string"}}],"inLanguage":"cs"},{"@type":"Organization","@id":"https:\/\/dipmission-osce.com\/cs\/#organization","name":"Dipmission OSCE","url":"https:\/\/dipmission-osce.com\/cs\/","logo":{"@type":"ImageObject","inLanguage":"cs","@id":"https:\/\/dipmission-osce.com\/cs\/#\/schema\/logo\/image\/","url":"https:\/\/dipmission-osce.com\/wp-content\/uploads\/2025\/07\/featured-image-dipmission-osce.png","contentUrl":"https:\/\/dipmission-osce.com\/wp-content\/uploads\/2025\/07\/featured-image-dipmission-osce.png","width":1200,"height":675,"caption":"Dipmission OSCE"},"image":{"@id":"https:\/\/dipmission-osce.com\/cs\/#\/schema\/logo\/image\/"},"sameAs":["https:\/\/www.facebook.com\/groups\/1056799551716288"]},{"@type":"Person","@id":"https:\/\/dipmission-osce.com\/cs\/#\/schema\/person\/64ee51e1e4edcd45bfb312fb9c9de2ca","name":"admin","image":{"@type":"ImageObject","inLanguage":"cs","@id":"https:\/\/dipmission-osce.com\/cs\/#\/schema\/person\/image\/","url":"https:\/\/secure.gravatar.com\/avatar\/473f9681549688bcd731b8a9535f18e76c06ab27390be84d91d8917d988d5296?s=96&d=mm&r=g","contentUrl":"https:\/\/secure.gravatar.com\/avatar\/473f9681549688bcd731b8a9535f18e76c06ab27390be84d91d8917d988d5296?s=96&d=mm&r=g","caption":"admin"},"sameAs":["https:\/\/dipmission-osce.com"]}]}},"_links":{"self":[{"href":"https:\/\/dipmission-osce.com\/cs\/wp-json\/wp\/v2\/posts\/1879","targetHints":{"allow":["GET"]}}],"collection":[{"href":"https:\/\/dipmission-osce.com\/cs\/wp-json\/wp\/v2\/posts"}],"about":[{"href":"https:\/\/dipmission-osce.com\/cs\/wp-json\/wp\/v2\/types\/post"}],"author":[{"embeddable":true,"href":"https:\/\/dipmission-osce.com\/cs\/wp-json\/wp\/v2\/users\/1"}],"replies":[{"embeddable":true,"href":"https:\/\/dipmission-osce.com\/cs\/wp-json\/wp\/v2\/comments?post=1879"}],"version-history":[{"count":1,"href":"https:\/\/dipmission-osce.com\/cs\/wp-json\/wp\/v2\/posts\/1879\/revisions"}],"predecessor-version":[{"id":2794,"href":"https:\/\/dipmission-osce.com\/cs\/wp-json\/wp\/v2\/posts\/1879\/revisions\/2794"}],"wp:featuredmedia":[{"embeddable":true,"href":"https:\/\/dipmission-osce.com\/cs\/wp-json\/wp\/v2\/media\/1880"}],"wp:attachment":[{"href":"https:\/\/dipmission-osce.com\/cs\/wp-json\/wp\/v2\/media?parent=1879"}],"wp:term":[{"taxonomy":"category","embeddable":true,"href":"https:\/\/dipmission-osce.com\/cs\/wp-json\/wp\/v2\/categories?post=1879"},{"taxonomy":"post_tag","embeddable":true,"href":"https:\/\/dipmission-osce.com\/cs\/wp-json\/wp\/v2\/tags?post=1879"}],"curies":[{"name":"wp","href":"https:\/\/api.w.org\/{rel}","templated":true}]}}